{"id":5589,"date":"2022-07-05T16:11:47","date_gmt":"2022-07-05T14:11:47","guid":{"rendered":"https:\/\/www.abenteueralbanien.de\/?p=5589"},"modified":"2026-04-08T11:21:55","modified_gmt":"2026-04-08T09:21:55","slug":"top-12-ervaringen-korca-albanie","status":"publish","type":"post","link":"https:\/\/www.abenteueralbanien.de\/nl\/top-12-erlebnisse-korca-albanien\/","title":{"rendered":"De top 12 ervaringen &amp; tips voor Kor\u00e7a Albani\u00eb"},"content":{"rendered":"<div class=\"fusion-fullwidth fullwidth-box fusion-builder-row-1 fusion-flex-container nonhundred-percent-fullwidth non-hundred-percent-height-scrolling\" style=\"--awb-border-radius-top-left:0px;--awb-border-radius-top-right:0px;--awb-border-radius-bottom-right:0px;--awb-border-radius-bottom-left:0px;--awb-flex-wrap:wrap;\" ><div class=\"fusion-builder-row fusion-row fusion-flex-align-items-flex-start fusion-flex-content-wrap\" style=\"max-width:1248px;margin-left: calc(-4% \/ 2 );margin-right: calc(-4% \/ 2 );\"><div class=\"fusion-layout-column fusion_builder_column fusion-builder-column-0 fusion_builder_column_1_1 1_1 fusion-flex-column\" style=\"--awb-bg-size:cover;--awb-width-large:100%;--awb-margin-top-large:0px;--awb-spacing-right-large:1.92%;--awb-margin-bottom-large:0px;--awb-spacing-left-large:1.92%;--awb-width-medium:100%;--awb-spacing-right-medium:1.92%;--awb-spacing-left-medium:1.92%;--awb-width-small:100%;--awb-spacing-right-small:1.92%;--awb-spacing-left-small:1.92%;\"><div class=\"fusion-column-wrapper fusion-flex-justify-content-flex-start fusion-content-layout-column\"><nav class=\"fusion-breadcrumbs fusion-breadcrumbs-1\" style=\"--awb-breadcrumb-sep:&#039;&gt;&#039;;\" aria-label=\"Breadcrumb\"><ol class=\"awb-breadcrumb-list\"><li class=\"fusion-breadcrumb-item awb-breadcrumb-sep awb-home\" ><a href=\"https:\/\/www.abenteueralbanien.de\/nl\" class=\"fusion-breadcrumb-link\"><span >Home<\/span><\/a><\/li><\/ol><\/nav><div class=\"fusion-text fusion-text-1\"><h1>Die Top 12 Erlebnisse in Kor\u00e7a Albanien<\/h1>\n<p>Die Top Sehensw\u00fcrdigkeiten in Korca (Kor\u00e7\u00eb), einer der sch\u00f6nsten St\u00e4dte Albaniens und <strong>inoffiziellen Kulturhauptstadt<\/strong> des Landes.\u00a0Die kleine Stadt Korca (auch Kor\u00e7\u00eb oder Kor\u00e7a geschrieben) im <strong>S\u00fcdosten Albaniens<\/strong> ist zwar nur drei Autostunden von Tirana entfernt, aber sie liegt v\u00f6llig abseits der Touristenpfade. Die Route nach Korca f\u00fchrt vorbei am <strong>Ohridsee<\/strong> und l\u00e4sst sich gut mit einem <a href=\"https:\/\/www.abenteueralbanien.de\/mietwagen-albanien\/\">Mietwagen<\/a> bew\u00e4ltigen.<\/p>\n<h2>Kor\u00e7a &#8211; Das Historische Zentrum von Albanien<\/h2>\n<p>Als ich Fotos von der unverwechselbaren Architektur der Stadt sah, wollte ich sie unbedingt in meine damalige Albanien Reise aufnehmen &#8211; auch wenn wir daf\u00fcr einen ziemlich gro\u00dfen Umweg machen mussten.\u00a0Kor\u00e7\u00eb (ausgesprochen &#8222;kor-cha&#8220;), die achtgr\u00f6\u00dfte Stadt des Landes, hat eine <strong>Geschichte, die bis ins 13. Jahrhundert zur\u00fcckreicht<\/strong>.<\/p>\n<p>Sie ist bekannt f\u00fcr ihre Rolle in der albanischen Kultur und ihr intellektuelles Erbe (am ber\u00fchmtesten ist sie als <strong>Sitz der ersten albanischen Sprachschule<\/strong>), f\u00fcr <strong>Museen<\/strong> von Weltrang, <strong>sch\u00f6ne alte Kirchen und h\u00fcbsche Architektur<\/strong>.<\/p>\n<p>Ihren idyllischen Spitznamen <strong>&#8222;Stadt der Serenaden&#8220;<\/strong> verdankt sie den Liebesballaden, die M\u00e4nner von den Balkonen und H\u00f6fen ihrer geheimnisvollen europ\u00e4ischen Villen schmetterten. Leider erf\u00fcllen die Kl\u00e4nge von Gitarren und Mandolinen nicht mehr die Stra\u00dfen von Korca wie in den 1930er Jahren, aber die Stadt hat immer noch den gleichen Charme und ein Gef\u00fchl von Nostalgie.\u00a0Sie k\u00f6nnte sogar eine der sch\u00f6nsten europ\u00e4ischen St\u00e4dte sein, in denen ich je war.<\/p>\n<p><img decoding=\"async\" class=\"lazyload alignnone wp-image-20745 size-full\" src=\"https:\/\/www.abenteueralbanien.de\/wp-content\/uploads\/2022\/07\/Korca.jpg\" data-orig-src=\"https:\/\/www.abenteueralbanien.de\/wp-content\/uploads\/2022\/07\/Korca.jpg\" alt=\"Korca (Kor\u00e7\u00eb) Albanien, Blick auf die Stadt von oben\" width=\"1024\" height=\"768\" srcset=\"data:image\/svg+xml,%3Csvg%20xmlns%3D%27http%3A%2F%2Fwww.w3.org%2F2000%2Fsvg%27%20width%3D%271024%27%20height%3D%27768%27%20viewBox%3D%270%200%201024%20768%27%3E%3Crect%20width%3D%271024%27%20height%3D%27768%27%20fill-opacity%3D%220%22%2F%3E%3C%2Fsvg%3E\" data-srcset=\"https:\/\/www.abenteueralbanien.de\/wp-content\/uploads\/2022\/07\/Korca-200x150.jpg 200w, https:\/\/www.abenteueralbanien.de\/wp-content\/uploads\/2022\/07\/Korca-300x225.jpg 300w, https:\/\/www.abenteueralbanien.de\/wp-content\/uploads\/2022\/07\/Korca-400x300.jpg 400w, https:\/\/www.abenteueralbanien.de\/wp-content\/uploads\/2022\/07\/Korca-600x450.jpg 600w, https:\/\/www.abenteueralbanien.de\/wp-content\/uploads\/2022\/07\/Korca-768x576.jpg 768w, https:\/\/www.abenteueralbanien.de\/wp-content\/uploads\/2022\/07\/Korca-800x600.jpg 800w, https:\/\/www.abenteueralbanien.de\/wp-content\/uploads\/2022\/07\/Korca.jpg 1024w\" data-sizes=\"auto\" data-orig-sizes=\"(max-width: 1024px) 100vw, 1024px\" \/><\/p>\n<p>Je nachdem, in welche Richtung du reist, ist Korca mit gro\u00dfer Wahrscheinlichkeit die erste oder letzte Station deiner Albanienreise. In jedem Fall wirst du sofort merken, wie sehr sich die Stadt vom Rest des Landes unterscheidet.\u00a0Im Gegensatz zu den &#8222;lebenden Museen&#8220; <a href=\"https:\/\/www.abenteueralbanien.de\/gjirokastra-sehenswuerdigkeiten\/\">Gjirokaster<\/a> und <a href=\"https:\/\/www.abenteueralbanien.de\/berat-sehenswuerdigkeiten\/\">Berat<\/a> &#8211; die zwar wundersch\u00f6n erhalten sind, sich aber etwas klaustrophobisch anf\u00fchlen &#8211; ist Korca sehr lebenswert.<\/p>\n<p>Gr\u00fcnfl\u00e4chen, Bierg\u00e4rten, ein gro\u00dfer Universit\u00e4tscampus und mehrere wichtige Institutionen und Kulturdenkm\u00e4ler pr\u00e4gen das Zentrum. Und sie haben eine eigene Brauerei!<\/p>\n<p>Die starke Verbindung zum griechischen und aromanischen Erbe verleiht Korca einen unverwechselbaren Geschmack &#8211; das sp\u00fcrt man sofort an der Architektur, der K\u00fcche und der allgemeinen Stimmung in der Stadt.\u00a0\u00a0Nicht viele ausl\u00e4ndische Touristen wagen sich hierher, aber ich denke, dass die Stadt ein paar Tage deiner Zeit mehr als wert ist.<\/p>\n<p>In diesem Reisef\u00fchrer findest du die besten Dinge, die du in Korca unternehmen kannst, und er wird dich hoffentlich davon \u00fcberzeugen, ein paar Tage in dieser sch\u00f6nen Stadt nahe der griechisch-nordmazedonischen Grenze zu verbringen.<\/p>\n<h2 class=\"fusion-responsive-typography-calculated\" data-fontsize=\"36\" data-lineheight=\"48.96px\">Hotels &amp; G\u00e4steh\u00e4user &#8211; Wo \u00dcbernachten in Korca?<\/h2>\n<ul>\n<li><strong><a title=\"Bujtina Oxhaku Korca Buchen\" href=\"https:\/\/www.booking.com\/hotel\/al\/bujtina-oxhaku.en.html\" target=\"_blank\" rel=\"noopener\">Bujtina Oxhaku (Mid Range):<\/a><\/strong> Das Bujtina Oxhaku ist ein solides Mittelklassehotel im Nordosten der Stadt, das ein bisschen an eine Alpenh\u00fctte erinnert. Die Zimmer sind gem\u00fctlich und komfortabel mit farbenfrohen Teppichen und Antiquit\u00e4ten eingerichtet und bieten einen herrlichen Blick auf die Stadt. \u2611 <a href=\"https:\/\/www.booking.com\/hotel\/al\/bujtina-oxhaku.en.html\" target=\"_blank\" rel=\"noopener\">Hier Verf\u00fcgbarkeit und Preise pr\u00fcfen.<\/a><\/li>\n<li><a title=\"Vila Borgjeze Korca Buchen\" href=\"https:\/\/www.booking.com\/hotel\/al\/vila-borgjeze.en.html\" target=\"_blank\" rel=\"noopener\"><strong>Vila Borgjeze (Stylisch aber erschrwinglich):<\/strong><\/a> Jedes Zimmer im Hotel verf\u00fcgt \u00fcber einen Balkon, ein eigenes Bad mit einer Dusche und kostenlosen Pflegeprodukten sowie kostenfreies WLAN. Ausgew\u00e4hlte Zimmer bieten Stadtblick. Jedes Zimmer ist mit Klimaanlage und einem Flachbild-TV ausgestattet. \u2611 <a href=\"https:\/\/www.booking.com\/hotel\/al\/vila-borgjeze.en.html\" target=\"_blank\" rel=\"noopener\">Hier Verf\u00fcgbarkeit und Preise pr\u00fcfen.<\/a><\/li>\n<li><a title=\"Hani i Pazarit Korca Buchen\" href=\"https:\/\/www.booking.com\/hotel\/al\/hani-i-pazarit.en.html?aid=8057218&amp;no_rooms=1&amp;group_adults=2&amp;room1=A%2CA\" target=\"_blank\" rel=\"noopener\"><strong>Hani I Pazarit<\/strong><strong> (Boutique)<\/strong><\/a>: Das Hotel Hani i Pazarit befindet sich in einem historischen Gasthaus im alten Basar und verf\u00fcgt \u00fcber einen s\u00fc\u00dfen Innenhof und ein ausgezeichnetes Restaurant. Die Zimmer sind opulent eingerichtet (auch wenn sie etwas kastenf\u00f6rmig sind), mit Holzbadewannen und freiliegenden Ziegelw\u00e4nden. \u2611 <a href=\"https:\/\/www.booking.com\/hotel\/al\/hani-i-pazarit.en.html?aid=8057218&amp;no_rooms=1&amp;group_adults=2&amp;room1=A%2CA\" target=\"_blank\" rel=\"noopener\">Hier Verf\u00fcgbarkeit und Preise pr\u00fcfen.<\/a><\/li>\n<\/ul>\n<p><strong>Luxus:<\/strong> Am anderen Ende des Designspektrums liegt das <a href=\"https:\/\/www.booking.com\/hotel\/al\/life-gallery.en.html?aid=8057218&amp;no_rooms=1&amp;group_adults=2&amp;room1=A%2CA\" target=\"_blank\" rel=\"noopener\">Life Gallery Hotel<\/a>, ein modernes und minimalistisches Boutique-Hotel mit wei\u00df get\u00fcnchtem Holz, bodentiefen Fenstern und in einigen Zimmern mit einer freistehenden Badewanne. \u2611 <a href=\"https:\/\/www.booking.com\/hotel\/al\/life-gallery.en.html?aid=8057218&amp;no_rooms=1&amp;group_adults=2&amp;room1=A%2CA\" target=\"_blank\" rel=\"noopener\">Hier Verf\u00fcgbarkeit und Preise pr\u00fcfen.<\/a><\/p>\n<\/div><div style=\"text-align:center;\"><a class=\"fusion-button button-flat button-xlarge button-custom fusion-button-default button-1 fusion-button-span-yes fusion-button-default-type\" style=\"--awb-margin-top:20px;--awb-margin-right:0px;--awb-margin-bottom:20px;--awb-margin-left:0px;--button_accent_color:var(--awb-color1);--button_border_color:#ffffff;--button_accent_hover_color:var(--awb-color1);--button_border_hover_color:#ffffff;--button_border_width-top:0px;--button_border_width-right:0px;--button_border_width-bottom:0px;--button_border_width-left:0px;--button_gradient_top_color:var(--awb-color6);--button_gradient_bottom_color:var(--awb-color6);--button_gradient_top_color_hover:var(--awb-color5);--button_gradient_bottom_color_hover:var(--awb-color5);--button_text_transform:uppercase;\" target=\"_self\" href=\"https:\/\/www.booking.com\/hotel\/al\/potami-seashel.en.html?aid=8057218&amp;no_rooms=1&amp;group_adults=2&amp;room1=A%2CA\" rel=\"noopener\"><i class=\"fa-angle-double-right fas awb-button__icon awb-button__icon--default button-icon-left\" aria-hidden=\"true\"><\/i><span class=\"fusion-button-text awb-button__text awb-button__text--default\">HIER UNTERKUNFT IN KORCA BUCHEN<\/span><\/a><\/div><div class=\"fusion-text fusion-text-2\"><h2>Sehensw\u00fcrdigkeiten<\/h2>\n<p>Die ganze Stadt kann man gut zu Fu\u00df erkunden, also zieh dir bequeme Schuhe an und erkunde die kopfsteingepflasterten Stra\u00dfen zu Fu\u00df. Hier sind meine Lieblingsbesch\u00e4ftigungen in Korca und Vorschl\u00e4ge f\u00fcr Tagesausfl\u00fcge.<\/p>\n<h3>Kathedrale der Auferstehung Christi<\/h3>\n<p><img decoding=\"async\" class=\"lazyload alignnone wp-image-24319 size-large\" src=\"https:\/\/www.abenteueralbanien.de\/wp-content\/uploads\/2022\/07\/Sehenswuerdigkeiten-Korca-Albanien-Kathedrale-1024x768.jpg\" data-orig-src=\"https:\/\/www.abenteueralbanien.de\/wp-content\/uploads\/2022\/07\/Sehenswuerdigkeiten-Korca-Albanien-Kathedrale-1024x768.jpg\" alt=\"Das 1995 erbaute Geb\u00e4ude ist Sitz eines Eparchen und geh\u00f6rt der orthodoxen Kirche von Albanien. Au\u00dfenansicht auf die Frontseite der Kathedrale\" width=\"1024\" height=\"768\" srcset=\"data:image\/svg+xml,%3Csvg%20xmlns%3D%27http%3A%2F%2Fwww.w3.org%2F2000%2Fsvg%27%20width%3D%271024%27%20height%3D%27768%27%20viewBox%3D%270%200%201024%20768%27%3E%3Crect%20width%3D%271024%27%20height%3D%27768%27%20fill-opacity%3D%220%22%2F%3E%3C%2Fsvg%3E\" data-srcset=\"https:\/\/www.abenteueralbanien.de\/wp-content\/uploads\/2022\/07\/Sehenswuerdigkeiten-Korca-Albanien-Kathedrale-16x12.jpg 16w, https:\/\/www.abenteueralbanien.de\/wp-content\/uploads\/2022\/07\/Sehenswuerdigkeiten-Korca-Albanien-Kathedrale-200x150.jpg 200w, https:\/\/www.abenteueralbanien.de\/wp-content\/uploads\/2022\/07\/Sehenswuerdigkeiten-Korca-Albanien-Kathedrale-300x225.jpg 300w, https:\/\/www.abenteueralbanien.de\/wp-content\/uploads\/2022\/07\/Sehenswuerdigkeiten-Korca-Albanien-Kathedrale-400x300.jpg 400w, https:\/\/www.abenteueralbanien.de\/wp-content\/uploads\/2022\/07\/Sehenswuerdigkeiten-Korca-Albanien-Kathedrale-600x450.jpg 600w, https:\/\/www.abenteueralbanien.de\/wp-content\/uploads\/2022\/07\/Sehenswuerdigkeiten-Korca-Albanien-Kathedrale-768x576.jpg 768w, https:\/\/www.abenteueralbanien.de\/wp-content\/uploads\/2022\/07\/Sehenswuerdigkeiten-Korca-Albanien-Kathedrale-800x600.jpg 800w, https:\/\/www.abenteueralbanien.de\/wp-content\/uploads\/2022\/07\/Sehenswuerdigkeiten-Korca-Albanien-Kathedrale-1024x768.jpg 1024w, https:\/\/www.abenteueralbanien.de\/wp-content\/uploads\/2022\/07\/Sehenswuerdigkeiten-Korca-Albanien-Kathedrale-1200x900.jpg 1200w, https:\/\/www.abenteueralbanien.de\/wp-content\/uploads\/2022\/07\/Sehenswuerdigkeiten-Korca-Albanien-Kathedrale-1536x1152.jpg 1536w, https:\/\/www.abenteueralbanien.de\/wp-content\/uploads\/2022\/07\/Sehenswuerdigkeiten-Korca-Albanien-Kathedrale.jpg 1672w\" data-sizes=\"auto\" data-orig-sizes=\"(max-width: 1024px) 100vw, 1024px\" \/><\/p>\n<p>Die <a href=\"https:\/\/maps.app.goo.gl\/BhCMX1vQBtk9mQF28\" target=\"_blank\" rel=\"noopener\">Auferstehungskathedrale<\/a> thront stolz im Herzen der Stadt und ist das Wahrzeichen von Korca. Sie wurde 1994 fertiggestellt und ist die gr\u00f6\u00dfte orthodoxe Kathedrale in ganz Albanien.<\/p>\n<p>Das Design und die Farbgebung erinnern an eine griechische Kirche &#8211; das liegt zum Teil daran, dass Griechenland (zusammen mit rum\u00e4nischen und aromanischen Wohlt\u00e4tern) den Wiederaufbau finanzierte, nachdem die urspr\u00fcngliche St. Georgskirche 1968 auf Befehl der regierenden kommunistischen Partei abgerissen worden war.<\/p>\n<p>Im Inneren ist die Korce-Kathedrale ger\u00e4umig und sparsam dekoriert. Sch\u00f6ne Mosaike und geschnitzte Holzlampen sind die Hauptmerkmale. Du wirst feststellen, dass sie eine verbl\u00fcffende \u00c4hnlichkeit mit der gleichnamigen Kathedrale in Tirana hat.<\/p>\n<p>Tipp: Wenn du noch mehr albanische Kirchen sehen m\u00f6chtest, gibt es an der \u00f6stlichen Stadtgrenze noch einige mehr. Von den urspr\u00fcnglich 24 orthodoxen Kirchen, die zwischen dem 16. und 18. Jahrhundert in Kor\u00e7\u00eb gebaut wurden, sind heute noch acht erhalten. Besonders sehenswert sind die Fresken in der Kirche der Himmelfahrt Christi.<\/p>\n<h3>Der St. George Boulevard<\/h3>\n<p><img decoding=\"async\" class=\"lazyload alignnone wp-image-5595 size-large\" src=\"https:\/\/www.abenteueralbanien.de\/wp-content\/uploads\/2022\/07\/Albanien-Reise_Abenteuer-Albanien_Wandern_Berge_Meer_Kultur_Kulinarik_Wein-266-1024x768.jpg\" data-orig-src=\"https:\/\/www.abenteueralbanien.de\/wp-content\/uploads\/2022\/07\/Albanien-Reise_Abenteuer-Albanien_Wandern_Berge_Meer_Kultur_Kulinarik_Wein-266-1024x768.jpg\" alt=\"Korca Sehensw\u00fcrdigkeiten St. George Boulevard\" width=\"1024\" height=\"768\" srcset=\"data:image\/svg+xml,%3Csvg%20xmlns%3D%27http%3A%2F%2Fwww.w3.org%2F2000%2Fsvg%27%20width%3D%271024%27%20height%3D%27768%27%20viewBox%3D%270%200%201024%20768%27%3E%3Crect%20width%3D%271024%27%20height%3D%27768%27%20fill-opacity%3D%220%22%2F%3E%3C%2Fsvg%3E\" data-srcset=\"https:\/\/www.abenteueralbanien.de\/wp-content\/uploads\/2022\/07\/Albanien-Reise_Abenteuer-Albanien_Wandern_Berge_Meer_Kultur_Kulinarik_Wein-266-200x150.jpg 200w, https:\/\/www.abenteueralbanien.de\/wp-content\/uploads\/2022\/07\/Albanien-Reise_Abenteuer-Albanien_Wandern_Berge_Meer_Kultur_Kulinarik_Wein-266-300x225.jpg 300w, https:\/\/www.abenteueralbanien.de\/wp-content\/uploads\/2022\/07\/Albanien-Reise_Abenteuer-Albanien_Wandern_Berge_Meer_Kultur_Kulinarik_Wein-266-400x300.jpg 400w, https:\/\/www.abenteueralbanien.de\/wp-content\/uploads\/2022\/07\/Albanien-Reise_Abenteuer-Albanien_Wandern_Berge_Meer_Kultur_Kulinarik_Wein-266-600x450.jpg 600w, https:\/\/www.abenteueralbanien.de\/wp-content\/uploads\/2022\/07\/Albanien-Reise_Abenteuer-Albanien_Wandern_Berge_Meer_Kultur_Kulinarik_Wein-266-768x576.jpg 768w, https:\/\/www.abenteueralbanien.de\/wp-content\/uploads\/2022\/07\/Albanien-Reise_Abenteuer-Albanien_Wandern_Berge_Meer_Kultur_Kulinarik_Wein-266-800x600.jpg 800w, https:\/\/www.abenteueralbanien.de\/wp-content\/uploads\/2022\/07\/Albanien-Reise_Abenteuer-Albanien_Wandern_Berge_Meer_Kultur_Kulinarik_Wein-266-1024x768.jpg 1024w, https:\/\/www.abenteueralbanien.de\/wp-content\/uploads\/2022\/07\/Albanien-Reise_Abenteuer-Albanien_Wandern_Berge_Meer_Kultur_Kulinarik_Wein-266-1200x900.jpg 1200w, https:\/\/www.abenteueralbanien.de\/wp-content\/uploads\/2022\/07\/Albanien-Reise_Abenteuer-Albanien_Wandern_Berge_Meer_Kultur_Kulinarik_Wein-266-1536x1152.jpg 1536w, https:\/\/www.abenteueralbanien.de\/wp-content\/uploads\/2022\/07\/Albanien-Reise_Abenteuer-Albanien_Wandern_Berge_Meer_Kultur_Kulinarik_Wein-266.jpg 1672w\" data-sizes=\"auto\" data-orig-sizes=\"(max-width: 1024px) 100vw, 1024px\" \/><br \/>\nWenn du aus der Kathedrale kommst und die Stra\u00dfe \u00fcberquerst, befindest du dich auf dem St. George Boulevard (Shen Gjergj), der Hauptfu\u00dfg\u00e4ngerzone von Korca. Reihen von Apfelb\u00e4umen stehen wie eine Ehrenwache und trennen den Fu\u00dfg\u00e4ngerverkehr von den Reihen der Stra\u00dfencaf\u00e9s, Bars und Eisdielen, die beide Seiten s\u00e4umen.<\/p>\n<p>Zusammen mit der Bulevardi Fan Noli, der Hauptverkehrsader von Korca, durch deren Mitte ein langer Garten verl\u00e4uft, ist der St. George Boulevard der ideale Ort f\u00fcr einen Abendspaziergang oder einen Xhiro, eine beliebte albanische Tradition.<\/p>\n<p>Auch tags\u00fcber wimmelt es auf der schattigen Stra\u00dfe von Menschen. Wenn du in Richtung Nordwesten gehst, gibt es auf dem Weg ein paar bemerkenswerte Sehensw\u00fcrdigkeiten zu sehen, darunter die Erste Albanische Schule. Dazu sp\u00e4ter mehr.<\/p>\n<p>Gegen\u00fcber der Schule steht das kanariengelbe Rum\u00e4nische Haus (Shtepia Rumune), eines der markantesten Geb\u00e4ude der Stadt. Es wurde 1908 fertiggestellt und ist ein sch\u00f6nes Beispiel f\u00fcr die jahrhundertelange Verbindung zwischen Korca und Rum\u00e4nien. Im Inneren befindet sich eine fantastische Fotoausstellung, zu der ich gleich noch komme.<\/p>\n<p>Wenn deine F\u00fc\u00dfe es zulassen, kannst du bis zum Bulevardi Gjergj Kastrioti laufen und deinen Spaziergang zum Rinia Park, dem gr\u00f6\u00dften Park, fortsetzen, wo du eine Reihe von Bars und Caf\u00e9s mit Blick auf eine sch\u00f6ne Gr\u00fcnfl\u00e4che findest.<\/p>\n<h3>Der Panoramaturm<\/h3>\n<p><img decoding=\"async\" class=\"lazyload alignnone wp-image-5598 size-large\" src=\"https:\/\/www.abenteueralbanien.de\/wp-content\/uploads\/2022\/07\/Albanien-Reise_Abenteuer-Albanien_Wandern_Berge_Meer_Kultur_Kulinarik_Wein-272-1-1024x768.jpg\" data-orig-src=\"https:\/\/www.abenteueralbanien.de\/wp-content\/uploads\/2022\/07\/Albanien-Reise_Abenteuer-Albanien_Wandern_Berge_Meer_Kultur_Kulinarik_Wein-272-1-1024x768.jpg\" alt=\"Korca Korce Albanien Sehensw\u00fcrdigkeiten Panoramaturm\" width=\"1024\" height=\"768\" srcset=\"data:image\/svg+xml,%3Csvg%20xmlns%3D%27http%3A%2F%2Fwww.w3.org%2F2000%2Fsvg%27%20width%3D%271024%27%20height%3D%27768%27%20viewBox%3D%270%200%201024%20768%27%3E%3Crect%20width%3D%271024%27%20height%3D%27768%27%20fill-opacity%3D%220%22%2F%3E%3C%2Fsvg%3E\" data-srcset=\"https:\/\/www.abenteueralbanien.de\/wp-content\/uploads\/2022\/07\/Albanien-Reise_Abenteuer-Albanien_Wandern_Berge_Meer_Kultur_Kulinarik_Wein-272-1-200x150.jpg 200w, https:\/\/www.abenteueralbanien.de\/wp-content\/uploads\/2022\/07\/Albanien-Reise_Abenteuer-Albanien_Wandern_Berge_Meer_Kultur_Kulinarik_Wein-272-1-300x225.jpg 300w, https:\/\/www.abenteueralbanien.de\/wp-content\/uploads\/2022\/07\/Albanien-Reise_Abenteuer-Albanien_Wandern_Berge_Meer_Kultur_Kulinarik_Wein-272-1-400x300.jpg 400w, https:\/\/www.abenteueralbanien.de\/wp-content\/uploads\/2022\/07\/Albanien-Reise_Abenteuer-Albanien_Wandern_Berge_Meer_Kultur_Kulinarik_Wein-272-1-600x450.jpg 600w, https:\/\/www.abenteueralbanien.de\/wp-content\/uploads\/2022\/07\/Albanien-Reise_Abenteuer-Albanien_Wandern_Berge_Meer_Kultur_Kulinarik_Wein-272-1-768x576.jpg 768w, https:\/\/www.abenteueralbanien.de\/wp-content\/uploads\/2022\/07\/Albanien-Reise_Abenteuer-Albanien_Wandern_Berge_Meer_Kultur_Kulinarik_Wein-272-1-800x600.jpg 800w, https:\/\/www.abenteueralbanien.de\/wp-content\/uploads\/2022\/07\/Albanien-Reise_Abenteuer-Albanien_Wandern_Berge_Meer_Kultur_Kulinarik_Wein-272-1-1024x768.jpg 1024w, https:\/\/www.abenteueralbanien.de\/wp-content\/uploads\/2022\/07\/Albanien-Reise_Abenteuer-Albanien_Wandern_Berge_Meer_Kultur_Kulinarik_Wein-272-1-1200x900.jpg 1200w, https:\/\/www.abenteueralbanien.de\/wp-content\/uploads\/2022\/07\/Albanien-Reise_Abenteuer-Albanien_Wandern_Berge_Meer_Kultur_Kulinarik_Wein-272-1-1536x1152.jpg 1536w, https:\/\/www.abenteueralbanien.de\/wp-content\/uploads\/2022\/07\/Albanien-Reise_Abenteuer-Albanien_Wandern_Berge_Meer_Kultur_Kulinarik_Wein-272-1.jpg 1672w\" data-sizes=\"auto\" data-orig-sizes=\"(max-width: 1024px) 100vw, 1024px\" \/><\/p>\n<p>Wenn du die Spitze des St. George Boulevards erreichst, siehst du ein ziemlich merkw\u00fcrdiges modernes Geb\u00e4ude in der N\u00e4he der Touristeninformation. Der <a href=\"https:\/\/maps.app.goo.gl\/r3wsPPucA1emJiCq9\" target=\"_blank\" rel=\"noopener\">Panoramaturm<\/a> ist zwar nicht besonders hoch, aber hoch genug, um dir von seiner Aussichtsplattform einen unglaublichen Blick auf die ganze Stadt zu bieten.<\/p>\n<p>Von dort oben hast du einen 360-Grad-Blick auf die Stadt und die Berge in der Ferne und kannst sogar bis zur Kathedrale zur\u00fcckblicken. Korca sieht aus wie eine Modellstadt &#8211; fast zu niedlich, um echt zu sein. Mir gef\u00e4llt besonders das Retro-Eckgeb\u00e4ude, in dem die BKT-Bank untergebracht ist (siehe Bild oben). Von hier oben bekommst du auch ein Gef\u00fchl daf\u00fcr, wie gr\u00fcn und sauber Korca ist.<\/p>\n<p>Sei gewarnt &#8211; der Aufzug ist oft au\u00dfer Betrieb, also musst du wahrscheinlich ein Dutzend Treppenstufen laufen, um nach oben zu kommen. Aber das ist es wert!<\/p>\n<p>Infos: Der Eintritt zur Aussichtsplattform kostet 50 Lek. Tickets kannst du an der Kasse unten kaufen. Bitte beachte, dass der Turm t\u00e4glich zwischen 7 und 22 Uhr ge\u00f6ffnet ist.<\/p>\n<h3>Basar Viertel von Korca (Pazari i Vjeter)<\/h3>\n<p><img decoding=\"async\" class=\"lazyload alignnone wp-image-24320 size-large\" src=\"https:\/\/www.abenteueralbanien.de\/wp-content\/uploads\/2022\/07\/Basar-Viertel-von-Korca-Pazari-i-Vjeter-1024x768.jpg\" data-orig-src=\"https:\/\/www.abenteueralbanien.de\/wp-content\/uploads\/2022\/07\/Basar-Viertel-von-Korca-Pazari-i-Vjeter-1024x768.jpg\" alt=\"Highlights Korce Basar Viertel von Korca (Pazari i Vjeter)\" width=\"1024\" height=\"768\" srcset=\"data:image\/svg+xml,%3Csvg%20xmlns%3D%27http%3A%2F%2Fwww.w3.org%2F2000%2Fsvg%27%20width%3D%271024%27%20height%3D%27768%27%20viewBox%3D%270%200%201024%20768%27%3E%3Crect%20width%3D%271024%27%20height%3D%27768%27%20fill-opacity%3D%220%22%2F%3E%3C%2Fsvg%3E\" data-srcset=\"https:\/\/www.abenteueralbanien.de\/wp-content\/uploads\/2022\/07\/Basar-Viertel-von-Korca-Pazari-i-Vjeter-16x12.jpg 16w, https:\/\/www.abenteueralbanien.de\/wp-content\/uploads\/2022\/07\/Basar-Viertel-von-Korca-Pazari-i-Vjeter-200x150.jpg 200w, https:\/\/www.abenteueralbanien.de\/wp-content\/uploads\/2022\/07\/Basar-Viertel-von-Korca-Pazari-i-Vjeter-300x225.jpg 300w, https:\/\/www.abenteueralbanien.de\/wp-content\/uploads\/2022\/07\/Basar-Viertel-von-Korca-Pazari-i-Vjeter-400x300.jpg 400w, https:\/\/www.abenteueralbanien.de\/wp-content\/uploads\/2022\/07\/Basar-Viertel-von-Korca-Pazari-i-Vjeter-600x450.jpg 600w, https:\/\/www.abenteueralbanien.de\/wp-content\/uploads\/2022\/07\/Basar-Viertel-von-Korca-Pazari-i-Vjeter-768x576.jpg 768w, https:\/\/www.abenteueralbanien.de\/wp-content\/uploads\/2022\/07\/Basar-Viertel-von-Korca-Pazari-i-Vjeter-800x600.jpg 800w, https:\/\/www.abenteueralbanien.de\/wp-content\/uploads\/2022\/07\/Basar-Viertel-von-Korca-Pazari-i-Vjeter-1024x768.jpg 1024w, https:\/\/www.abenteueralbanien.de\/wp-content\/uploads\/2022\/07\/Basar-Viertel-von-Korca-Pazari-i-Vjeter-1200x900.jpg 1200w, https:\/\/www.abenteueralbanien.de\/wp-content\/uploads\/2022\/07\/Basar-Viertel-von-Korca-Pazari-i-Vjeter-1536x1152.jpg 1536w, https:\/\/www.abenteueralbanien.de\/wp-content\/uploads\/2022\/07\/Basar-Viertel-von-Korca-Pazari-i-Vjeter.jpg 1672w\" data-sizes=\"auto\" data-orig-sizes=\"(max-width: 1024px) 100vw, 1024px\" \/><\/p>\n<p>Im 19. und 20. Jahrhundert beherbergte der <a href=\"https:\/\/maps.app.goo.gl\/vogpmZtK1ZP47LB8A\" target=\"_blank\" rel=\"noopener\">Basar von Korca<\/a> im osmanischen Stil mehr als 1.000 Gesch\u00e4fte und zwei bekannte Gasth\u00e4user, das Alte Elbasan und das Alte Kloster. Er wurde 2015 komplett renoviert und ist wahrscheinlich das beste Beispiel auf dem <a href=\"https:\/\/www.abenteueralbanien.de\/balkan-reiseziele\/\">Balkan<\/a> daf\u00fcr, wie ein alter Basar zu einem lebendigen Ort der Gemeinschaft wiedergeboren werden kann.<\/p>\n<p>Ein zentraler Platz mit Kopfsteinpflaster ist von kleinen Caf\u00e9s und Tavernen umgeben, deren Tische sich auf die Stra\u00dfen ausbreiten. Am sp\u00e4ten Nachmittag versammeln sich Familien und Freundesgruppen unter den Markisen, was diese Zeit zu einer besonders stimmungsvollen Zeit f\u00fcr einen Besuch macht. Wenn du die albanische Kaffeekultur hautnah miterleben willst, bist du hier genau richtig!<\/p>\n<p>Es gibt ein paar sehr coole Caf\u00e9s, darunter eine Filiale des Komiteti Kafe Muzeum und die kommunistisch gepr\u00e4gte Kooperativa, die mich an das Cong in Hanoi erinnert. Nat\u00fcrlich ist das lokale Bier Birra Korca das Getr\u00e4nk der Wahl.<\/p>\n<div id=\"attachment_5608\" style=\"width: 1034px\" class=\"wp-caption alignnone\"><img decoding=\"async\" aria-describedby=\"caption-attachment-5608\" class=\"lazyload wp-image-5608 size-large\" src=\"https:\/\/www.abenteueralbanien.de\/wp-content\/uploads\/2022\/07\/Albanien-Reise_Abenteuer-Albanien_Wandern_Berge_Meer_Kultur_Kulinarik_Wein-275-1024x768.jpg\" data-orig-src=\"https:\/\/www.abenteueralbanien.de\/wp-content\/uploads\/2022\/07\/Albanien-Reise_Abenteuer-Albanien_Wandern_Berge_Meer_Kultur_Kulinarik_Wein-275-1024x768.jpg\" alt=\"Korca,Korce,Highlights,Albanien\" width=\"1024\" height=\"768\" srcset=\"data:image\/svg+xml,%3Csvg%20xmlns%3D%27http%3A%2F%2Fwww.w3.org%2F2000%2Fsvg%27%20width%3D%271024%27%20height%3D%27768%27%20viewBox%3D%270%200%201024%20768%27%3E%3Crect%20width%3D%271024%27%20height%3D%27768%27%20fill-opacity%3D%220%22%2F%3E%3C%2Fsvg%3E\" data-srcset=\"https:\/\/www.abenteueralbanien.de\/wp-content\/uploads\/2022\/07\/Albanien-Reise_Abenteuer-Albanien_Wandern_Berge_Meer_Kultur_Kulinarik_Wein-275-200x150.jpg 200w, https:\/\/www.abenteueralbanien.de\/wp-content\/uploads\/2022\/07\/Albanien-Reise_Abenteuer-Albanien_Wandern_Berge_Meer_Kultur_Kulinarik_Wein-275-300x225.jpg 300w, https:\/\/www.abenteueralbanien.de\/wp-content\/uploads\/2022\/07\/Albanien-Reise_Abenteuer-Albanien_Wandern_Berge_Meer_Kultur_Kulinarik_Wein-275-400x300.jpg 400w, https:\/\/www.abenteueralbanien.de\/wp-content\/uploads\/2022\/07\/Albanien-Reise_Abenteuer-Albanien_Wandern_Berge_Meer_Kultur_Kulinarik_Wein-275-600x450.jpg 600w, https:\/\/www.abenteueralbanien.de\/wp-content\/uploads\/2022\/07\/Albanien-Reise_Abenteuer-Albanien_Wandern_Berge_Meer_Kultur_Kulinarik_Wein-275-768x576.jpg 768w, https:\/\/www.abenteueralbanien.de\/wp-content\/uploads\/2022\/07\/Albanien-Reise_Abenteuer-Albanien_Wandern_Berge_Meer_Kultur_Kulinarik_Wein-275-800x600.jpg 800w, https:\/\/www.abenteueralbanien.de\/wp-content\/uploads\/2022\/07\/Albanien-Reise_Abenteuer-Albanien_Wandern_Berge_Meer_Kultur_Kulinarik_Wein-275-1024x768.jpg 1024w, https:\/\/www.abenteueralbanien.de\/wp-content\/uploads\/2022\/07\/Albanien-Reise_Abenteuer-Albanien_Wandern_Berge_Meer_Kultur_Kulinarik_Wein-275-1200x900.jpg 1200w, https:\/\/www.abenteueralbanien.de\/wp-content\/uploads\/2022\/07\/Albanien-Reise_Abenteuer-Albanien_Wandern_Berge_Meer_Kultur_Kulinarik_Wein-275-1536x1152.jpg 1536w, https:\/\/www.abenteueralbanien.de\/wp-content\/uploads\/2022\/07\/Albanien-Reise_Abenteuer-Albanien_Wandern_Berge_Meer_Kultur_Kulinarik_Wein-275.jpg 1672w\" data-sizes=\"auto\" data-orig-sizes=\"(max-width: 1024px) 100vw, 1024px\" \/><p id=\"caption-attachment-5608\" class=\"wp-caption-text\">Korca Albanien Bazar<\/p><\/div>\n<h3>Altstadt von Korca<\/h3>\n<p><img decoding=\"async\" class=\"lazyload alignnone wp-image-5607 size-large\" src=\"https:\/\/www.abenteueralbanien.de\/wp-content\/uploads\/2022\/07\/Albanien-Reise_Abenteuer-Albanien_Wandern_Berge_Meer_Kultur_Kulinarik_Wein-271-1024x768.jpg\" data-orig-src=\"https:\/\/www.abenteueralbanien.de\/wp-content\/uploads\/2022\/07\/Albanien-Reise_Abenteuer-Albanien_Wandern_Berge_Meer_Kultur_Kulinarik_Wein-271-1024x768.jpg\" alt=\"Korca Albanien\" width=\"1024\" height=\"768\" srcset=\"data:image\/svg+xml,%3Csvg%20xmlns%3D%27http%3A%2F%2Fwww.w3.org%2F2000%2Fsvg%27%20width%3D%271024%27%20height%3D%27768%27%20viewBox%3D%270%200%201024%20768%27%3E%3Crect%20width%3D%271024%27%20height%3D%27768%27%20fill-opacity%3D%220%22%2F%3E%3C%2Fsvg%3E\" data-srcset=\"https:\/\/www.abenteueralbanien.de\/wp-content\/uploads\/2022\/07\/Albanien-Reise_Abenteuer-Albanien_Wandern_Berge_Meer_Kultur_Kulinarik_Wein-271-200x150.jpg 200w, https:\/\/www.abenteueralbanien.de\/wp-content\/uploads\/2022\/07\/Albanien-Reise_Abenteuer-Albanien_Wandern_Berge_Meer_Kultur_Kulinarik_Wein-271-300x225.jpg 300w, https:\/\/www.abenteueralbanien.de\/wp-content\/uploads\/2022\/07\/Albanien-Reise_Abenteuer-Albanien_Wandern_Berge_Meer_Kultur_Kulinarik_Wein-271-400x300.jpg 400w, https:\/\/www.abenteueralbanien.de\/wp-content\/uploads\/2022\/07\/Albanien-Reise_Abenteuer-Albanien_Wandern_Berge_Meer_Kultur_Kulinarik_Wein-271-600x450.jpg 600w, https:\/\/www.abenteueralbanien.de\/wp-content\/uploads\/2022\/07\/Albanien-Reise_Abenteuer-Albanien_Wandern_Berge_Meer_Kultur_Kulinarik_Wein-271-768x576.jpg 768w, https:\/\/www.abenteueralbanien.de\/wp-content\/uploads\/2022\/07\/Albanien-Reise_Abenteuer-Albanien_Wandern_Berge_Meer_Kultur_Kulinarik_Wein-271-800x600.jpg 800w, https:\/\/www.abenteueralbanien.de\/wp-content\/uploads\/2022\/07\/Albanien-Reise_Abenteuer-Albanien_Wandern_Berge_Meer_Kultur_Kulinarik_Wein-271-1024x768.jpg 1024w, https:\/\/www.abenteueralbanien.de\/wp-content\/uploads\/2022\/07\/Albanien-Reise_Abenteuer-Albanien_Wandern_Berge_Meer_Kultur_Kulinarik_Wein-271-1200x900.jpg 1200w, https:\/\/www.abenteueralbanien.de\/wp-content\/uploads\/2022\/07\/Albanien-Reise_Abenteuer-Albanien_Wandern_Berge_Meer_Kultur_Kulinarik_Wein-271-1536x1152.jpg 1536w, https:\/\/www.abenteueralbanien.de\/wp-content\/uploads\/2022\/07\/Albanien-Reise_Abenteuer-Albanien_Wandern_Berge_Meer_Kultur_Kulinarik_Wein-271.jpg 1672w\" data-sizes=\"auto\" data-orig-sizes=\"(max-width: 1024px) 100vw, 1024px\" \/><\/p>\n<p>Egal, wo auf der Welt ich bin, ich nehme jede Ausrede, um mich in den gepflasterten Seitenstra\u00dfen zu verlaufen. Korca ist eine so bezaubernde Stadt, dass ich einen ganzen Nachmittag damit verbracht habe, durch die Gassen mit den bunten H\u00e4userreihen zu schlendern, ohne ein Ziel vor Augen zu haben.<\/p>\n<p>Nun, das stimmt nicht ganz: Ich war auf der Suche nach einem besonders malerischen Haus, das ich auf der Vorderseite einer Touristenbrosch\u00fcre gesehen hatte!<\/p>\n<p>Auf meinem Weg durch die kopfsteingepflasterten Stra\u00dfen bin ich \u00fcber einige unglaubliche Fassaden gestolpert. Ich traf auch ein paar nette Leute &#8211; darunter eine alte Frau, die meine beiden H\u00e4nde umklammerte und drei Minuten lang auf Albanisch mit mir sprach, ohne sich daran zu st\u00f6ren, dass ich keine einzige Silbe ihrer \u00fcberschw\u00e4nglichen Schmeicheleien verstand.<\/p>\n<p>Wenn du Stra\u00dfenfotografie liebst, empfehle ich dir, dir ein paar Stunden Zeit zu nehmen, um durch die labyrinthischen Stra\u00dfen hinter der Kathedrale von Korca zu gehen. Einige der gepflasterten Gassen gehen in flache Treppen \u00fcber, die den Hang hinauff\u00fchren.<\/p>\n<p>Nachdem wir uns in der Touristeninformation erkundigt hatten, fanden wir schlie\u00dflich das fragliche Haus &#8211; die kleine gelbe Ecknummer mit dem Gullydeckel davor, die oben abgebildet ist.<\/p>\n<h3>Mirahori Moschee<\/h3>\n<div id=\"attachment_5609\" style=\"width: 1034px\" class=\"wp-caption alignnone\"><img decoding=\"async\" aria-describedby=\"caption-attachment-5609\" class=\"lazyload wp-image-5609 size-large\" src=\"https:\/\/www.abenteueralbanien.de\/wp-content\/uploads\/2022\/07\/Albanien-Reise_Abenteuer-Albanien_Wandern_Berge_Meer_Kultur_Kulinarik_Wein-277-1024x768.jpg\" data-orig-src=\"https:\/\/www.abenteueralbanien.de\/wp-content\/uploads\/2022\/07\/Albanien-Reise_Abenteuer-Albanien_Wandern_Berge_Meer_Kultur_Kulinarik_Wein-277-1024x768.jpg\" alt=\"MIRAHORI MOSCHEE KORCA\" width=\"1024\" height=\"768\" srcset=\"data:image\/svg+xml,%3Csvg%20xmlns%3D%27http%3A%2F%2Fwww.w3.org%2F2000%2Fsvg%27%20width%3D%271024%27%20height%3D%27768%27%20viewBox%3D%270%200%201024%20768%27%3E%3Crect%20width%3D%271024%27%20height%3D%27768%27%20fill-opacity%3D%220%22%2F%3E%3C%2Fsvg%3E\" data-srcset=\"https:\/\/www.abenteueralbanien.de\/wp-content\/uploads\/2022\/07\/Albanien-Reise_Abenteuer-Albanien_Wandern_Berge_Meer_Kultur_Kulinarik_Wein-277-200x150.jpg 200w, https:\/\/www.abenteueralbanien.de\/wp-content\/uploads\/2022\/07\/Albanien-Reise_Abenteuer-Albanien_Wandern_Berge_Meer_Kultur_Kulinarik_Wein-277-300x225.jpg 300w, https:\/\/www.abenteueralbanien.de\/wp-content\/uploads\/2022\/07\/Albanien-Reise_Abenteuer-Albanien_Wandern_Berge_Meer_Kultur_Kulinarik_Wein-277-400x300.jpg 400w, https:\/\/www.abenteueralbanien.de\/wp-content\/uploads\/2022\/07\/Albanien-Reise_Abenteuer-Albanien_Wandern_Berge_Meer_Kultur_Kulinarik_Wein-277-600x450.jpg 600w, https:\/\/www.abenteueralbanien.de\/wp-content\/uploads\/2022\/07\/Albanien-Reise_Abenteuer-Albanien_Wandern_Berge_Meer_Kultur_Kulinarik_Wein-277-768x576.jpg 768w, https:\/\/www.abenteueralbanien.de\/wp-content\/uploads\/2022\/07\/Albanien-Reise_Abenteuer-Albanien_Wandern_Berge_Meer_Kultur_Kulinarik_Wein-277-800x600.jpg 800w, https:\/\/www.abenteueralbanien.de\/wp-content\/uploads\/2022\/07\/Albanien-Reise_Abenteuer-Albanien_Wandern_Berge_Meer_Kultur_Kulinarik_Wein-277-1024x768.jpg 1024w, https:\/\/www.abenteueralbanien.de\/wp-content\/uploads\/2022\/07\/Albanien-Reise_Abenteuer-Albanien_Wandern_Berge_Meer_Kultur_Kulinarik_Wein-277-1200x900.jpg 1200w, https:\/\/www.abenteueralbanien.de\/wp-content\/uploads\/2022\/07\/Albanien-Reise_Abenteuer-Albanien_Wandern_Berge_Meer_Kultur_Kulinarik_Wein-277-1536x1152.jpg 1536w, https:\/\/www.abenteueralbanien.de\/wp-content\/uploads\/2022\/07\/Albanien-Reise_Abenteuer-Albanien_Wandern_Berge_Meer_Kultur_Kulinarik_Wein-277.jpg 1672w\" data-sizes=\"auto\" data-orig-sizes=\"(max-width: 1024px) 100vw, 1024px\" \/><p id=\"caption-attachment-5609\" class=\"wp-caption-text\">MIRAHORI MOSCHEE KORCA<\/p><\/div>\n<p>Die <a href=\"https:\/\/maps.app.goo.gl\/7EiPjnudykhXJqTU8\" target=\"_blank\" rel=\"noopener\">Iliaz Bej Mirahorit Moschee<\/a> aus dem 15. Jahrhundert im Stadtzentrum ist eine der \u00e4ltesten Moscheen in Albanien. Im Inneren befinden sich eine Reihe ber\u00fchmter Fresken, die Mekka und andere wichtige islamische St\u00e4tten darstellen.<\/p>\n<p>Das Minarett wurde in den 1990er Jahren auf Anordnung des kommunistischen Regimes feierlich abgerissen. Genauso wie die Kathedrale wurde auch das Minarett wieder aufgebaut, um die Freiheit Albaniens von religi\u00f6ser Unterdr\u00fcckung zu feiern.<\/p>\n<p>Zum Komplex geh\u00f6ren auch eine Medressa und ein steinerner Uhrenturm (Kulla e sahatit e Kor\u00e7\u00ebs), der schon lange ein Symbol der Stadt ist.<\/p>\n<\/div><\/div><\/div><\/div><\/div><div class=\"fusion-fullwidth fullwidth-box fusion-builder-row-2 fusion-flex-container has-pattern-background has-mask-background nonhundred-percent-fullwidth non-hundred-percent-height-scrolling\" style=\"--awb-border-radius-top-left:0px;--awb-border-radius-top-right:0px;--awb-border-radius-bottom-right:0px;--awb-border-radius-bottom-left:0px;--awb-padding-top:30px;--awb-padding-bottom:60px;--awb-background-color:var(--awb-color1);--awb-flex-wrap:wrap;\" ><div class=\"fusion-builder-row fusion-row fusion-flex-align-items-flex-start fusion-flex-justify-content-space-evenly fusion-flex-content-wrap\" style=\"max-width:1248px;margin-left: calc(-4% \/ 2 );margin-right: calc(-4% \/ 2 );\"><div class=\"fusion-layout-column fusion_builder_column fusion-builder-column-1 fusion_builder_column_1_1 1_1 fusion-flex-column\" style=\"--awb-bg-size:cover;--awb-width-large:100%;--awb-margin-top-large:0px;--awb-spacing-right-large:1.92%;--awb-margin-bottom-large:20px;--awb-spacing-left-large:1.92%;--awb-width-medium:100%;--awb-order-medium:0;--awb-spacing-right-medium:1.92%;--awb-spacing-left-medium:1.92%;--awb-width-small:100%;--awb-order-small:0;--awb-spacing-right-small:1.92%;--awb-spacing-left-small:1.92%;\"><div class=\"fusion-column-wrapper fusion-column-has-shadow fusion-flex-justify-content-flex-start fusion-content-layout-column\"><\/div><\/div><div class=\"fusion-layout-column fusion_builder_column fusion-builder-column-2 fusion_builder_column_1_3 1_3 fusion-flex-column fusion-column-inner-bg-wrapper\" style=\"--awb-inner-bg-color:var(--awb-color1);--awb-inner-bg-color-hover:var(--awb-color1);--awb-inner-bg-size:cover;--awb-box-shadow:0px 10px 20px 0px rgba(0,0,0,0.5);;--awb-border-color:var(--awb-color4);--awb-border-style:solid;--awb-width-large:33.333333333333%;--awb-margin-top-large:0px;--awb-spacing-right-large:5.76%;--awb-margin-bottom-large:20px;--awb-spacing-left-large:5.76%;--awb-width-medium:100%;--awb-order-medium:0;--awb-spacing-right-medium:1.92%;--awb-spacing-left-medium:1.92%;--awb-width-small:100%;--awb-order-small:0;--awb-spacing-right-small:1.92%;--awb-spacing-left-small:1.92%;\" data-scroll-devices=\"small-visibility,medium-visibility,large-visibility\"><span class=\"fusion-column-inner-bg hover-type-none\"><a class=\"fusion-column-anchor\" href=\"https:\/\/www.abenteueralbanien.de\/mietwagen-albanien\/\" rel=\"noopener noreferrer\" target=\"_blank\" aria-label=\"Mietwagen Albanien Buchen\"><span class=\"fusion-column-inner-bg-image\"><\/span><\/a><\/span><div class=\"fusion-column-wrapper fusion-column-has-shadow fusion-flex-justify-content-flex-start fusion-content-layout-column\"><div class=\"fusion-image-element \" style=\"--awb-caption-title-font-family:var(--h2_typography-font-family);--awb-caption-title-font-weight:var(--h2_typography-font-weight);--awb-caption-title-font-style:var(--h2_typography-font-style);--awb-caption-title-size:var(--h2_typography-font-size);--awb-caption-title-transform:var(--h2_typography-text-transform);--awb-caption-title-line-height:var(--h2_typography-line-height);--awb-caption-title-letter-spacing:var(--h2_typography-letter-spacing);\"><span class=\" fusion-imageframe imageframe-none imageframe-1 hover-type-none\"><img decoding=\"async\" width=\"800\" height=\"600\" alt=\"Mietwagen Tirana Albanien\" title=\"Mietwagen Tirana Albanien\" src=\"https:\/\/www.abenteueralbanien.de\/wp-content\/uploads\/2025\/04\/Mietwagen-Tirana-Albanien.jpg\" data-orig-src=\"https:\/\/www.abenteueralbanien.de\/wp-content\/uploads\/2025\/04\/Mietwagen-Tirana-Albanien.jpg\" class=\"lazyload img-responsive wp-image-20891\" srcset=\"data:image\/svg+xml,%3Csvg%20xmlns%3D%27http%3A%2F%2Fwww.w3.org%2F2000%2Fsvg%27%20width%3D%27800%27%20height%3D%27600%27%20viewBox%3D%270%200%20800%20600%27%3E%3Crect%20width%3D%27800%27%20height%3D%27600%27%20fill-opacity%3D%220%22%2F%3E%3C%2Fsvg%3E\" data-srcset=\"https:\/\/www.abenteueralbanien.de\/wp-content\/uploads\/2025\/04\/Mietwagen-Tirana-Albanien-200x150.jpg 200w, https:\/\/www.abenteueralbanien.de\/wp-content\/uploads\/2025\/04\/Mietwagen-Tirana-Albanien-400x300.jpg 400w, https:\/\/www.abenteueralbanien.de\/wp-content\/uploads\/2025\/04\/Mietwagen-Tirana-Albanien-600x450.jpg 600w, https:\/\/www.abenteueralbanien.de\/wp-content\/uploads\/2025\/04\/Mietwagen-Tirana-Albanien.jpg 800w\" data-sizes=\"auto\" data-orig-sizes=\"(max-width: 1024px) 100vw, (max-width: 640px) 100vw, 400px\" \/><\/span><\/div><div class=\"fusion-reading-box-container reading-box-container-1\" style=\"--awb-title-color:#333333;--awb-margin-top:0px;--awb-margin-bottom:0px;\"><div class=\"reading-box\" style=\"background-color:var(--awb-color4);border-width:0px;border-color:#f6f6f6;border-top-width:3px;border-top-color:var(--primary_color);border-style:solid;\"><h3>Mietwagen ab Tirana<\/h3><div class=\"reading-box-description fusion-reading-box-additional\">\u2713 kostenfreie Zustellung zum Hotel \/ Flughafen Tirana <br>\n\u2713 Vollkaskoversicherung <br>\n\u2713 unbegrenzte Kilometer <br>\n\u2713 kostenfreier 2. Fahrer <br><\/div><div class=\"reading-box-additional\">\n<p style=\"text-align: right;\"><span style=\"color: #014877;\"><strong>ab \u20ac 30 \/ Tag<\/strong><\/span><\/p>\n<\/div><div class=\"fusion-clearfix\"><\/div><\/div><\/div><div style=\"text-align:center;\"><a class=\"fusion-button button-flat button-xlarge button-custom fusion-button-default button-2 fusion-button-span-yes fusion-button-default-type\" style=\"--button_accent_color:var(--awb-color1);--button_border_color:var(--awb-color1);--button_accent_hover_color:#ffffff;--button_border_hover_color:#000000;--button_gradient_top_color:var(--awb-color6);--button_gradient_bottom_color:var(--awb-color6);--button_gradient_top_color_hover:var(--awb-custom11);--button_gradient_bottom_color_hover:var(--awb-custom11);\" target=\"_blank\" rel=\"noopener noreferrer\" title=\"MIETWAGEN ALBANIEN BUCHEN\" aria-label=\"MIETWAGEN ALBANIEN BUCHEN\" href=\"https:\/\/www.abenteueralbanien.de\/mietwagen-albanien\/\"><span class=\"fusion-button-text awb-button__text awb-button__text--default\">Hier Angebote ansehen<\/span><\/a><\/div><\/div><\/div>\n<div class=\"fusion-layout-column fusion_builder_column fusion-builder-column-3 fusion_builder_column_1_3 1_3 fusion-flex-column fusion-column-inner-bg-wrapper\" style=\"--awb-inner-bg-color:var(--awb-color1);--awb-inner-bg-color-hover:var(--awb-color1);--awb-inner-bg-size:cover;--awb-box-shadow:0px 10px 20px 0px rgba(0,0,0,0.5);;--awb-border-color:var(--awb-color4);--awb-border-style:solid;--awb-width-large:33.333333333333%;--awb-margin-top-large:0px;--awb-spacing-right-large:5.76%;--awb-margin-bottom-large:50px;--awb-spacing-left-large:5.76%;--awb-width-medium:100%;--awb-order-medium:0;--awb-spacing-right-medium:1.92%;--awb-spacing-left-medium:1.92%;--awb-width-small:100%;--awb-order-small:0;--awb-spacing-right-small:1.92%;--awb-spacing-left-small:1.92%;\" data-scroll-devices=\"small-visibility,medium-visibility,large-visibility\"><span class=\"fusion-column-inner-bg hover-type-none\"><a class=\"fusion-column-anchor\" href=\"https:\/\/www.abenteueralbanien.de\/peaks-of-the-balkans-6-tage\/\" rel=\"noopener noreferrer\" target=\"_blank\" aria-label=\"Peaks of the Balkans Wander Tour 6 Tage Buchen\"><span class=\"fusion-column-inner-bg-image\"><\/span><\/a><\/span><div class=\"fusion-column-wrapper fusion-column-has-shadow fusion-flex-justify-content-flex-start fusion-content-layout-column\"><div class=\"fusion-image-element \" style=\"--awb-caption-title-font-family:var(--h2_typography-font-family);--awb-caption-title-font-weight:var(--h2_typography-font-weight);--awb-caption-title-font-style:var(--h2_typography-font-style);--awb-caption-title-size:var(--h2_typography-font-size);--awb-caption-title-transform:var(--h2_typography-text-transform);--awb-caption-title-line-height:var(--h2_typography-line-height);--awb-caption-title-letter-spacing:var(--h2_typography-letter-spacing);\"><span class=\" fusion-imageframe imageframe-none imageframe-2 hover-type-none\"><img decoding=\"async\" width=\"800\" height=\"600\" alt=\"Peaks of the Balkans 6 Tage Tour Wanderung Albanien\" title=\"Peaks of the Balkans 6 Tage Wanderung Albanien\" src=\"https:\/\/www.abenteueralbanien.de\/wp-content\/uploads\/2026\/02\/Peaks-of-the-Balkans-6-Tage-Wanderung-Mehrtagestour.webp\" data-orig-src=\"https:\/\/www.abenteueralbanien.de\/wp-content\/uploads\/2026\/02\/Peaks-of-the-Balkans-6-Tage-Wanderung-Mehrtagestour.webp\" class=\"lazyload img-responsive wp-image-23265\" srcset=\"data:image\/svg+xml,%3Csvg%20xmlns%3D%27http%3A%2F%2Fwww.w3.org%2F2000%2Fsvg%27%20width%3D%27800%27%20height%3D%27600%27%20viewBox%3D%270%200%20800%20600%27%3E%3Crect%20width%3D%27800%27%20height%3D%27600%27%20fill-opacity%3D%220%22%2F%3E%3C%2Fsvg%3E\" data-srcset=\"https:\/\/www.abenteueralbanien.de\/wp-content\/uploads\/2026\/02\/Peaks-of-the-Balkans-6-Tage-Wanderung-Mehrtagestour-200x150.webp 200w, https:\/\/www.abenteueralbanien.de\/wp-content\/uploads\/2026\/02\/Peaks-of-the-Balkans-6-Tage-Wanderung-Mehrtagestour-400x300.webp 400w, https:\/\/www.abenteueralbanien.de\/wp-content\/uploads\/2026\/02\/Peaks-of-the-Balkans-6-Tage-Wanderung-Mehrtagestour-600x450.webp 600w, https:\/\/www.abenteueralbanien.de\/wp-content\/uploads\/2026\/02\/Peaks-of-the-Balkans-6-Tage-Wanderung-Mehrtagestour.webp 800w\" data-sizes=\"auto\" data-orig-sizes=\"(max-width: 1024px) 100vw, (max-width: 640px) 100vw, 400px\" \/><\/span><\/div><div class=\"fusion-reading-box-container reading-box-container-2\" style=\"--awb-title-color:#333333;--awb-margin-top:0px;--awb-margin-bottom:0px;\"><div class=\"reading-box\" style=\"background-color:var(--awb-color4);border-width:0px;border-color:#f6f6f6;border-top-width:3px;border-top-color:var(--primary_color);border-style:solid;\"><h3>Peaks of the Balkans Wanderung (6 Tage)<\/h3><div class=\"reading-box-description fusion-reading-box-additional\">Die Gipfel des Balkans auf eigene Faust erkunden, mit GPS-Dateien und Routenbeschreibung, allen Transfers, Unterkunft im PRIVATZIMMER und Verpflegung in den Bergen.<\/div><div class=\"reading-box-additional\">\n<p style=\"text-align: right;\"><span style=\"color: #014877;\"><strong>ab \u20ac 540,00<\/strong><\/span><\/p>\n<\/div><div class=\"fusion-clearfix\"><\/div><\/div><\/div><div style=\"text-align:left;\"><a class=\"fusion-button button-flat button-xlarge button-custom fusion-button-default button-3 fusion-button-span-yes fusion-button-default-type\" style=\"--button_accent_color:var(--awb-color1);--button_border_color:var(--awb-color1);--button_accent_hover_color:#ffffff;--button_border_hover_color:#000000;--button_gradient_top_color:var(--awb-color6);--button_gradient_bottom_color:var(--awb-color6);--button_gradient_top_color_hover:var(--awb-custom11);--button_gradient_bottom_color_hover:var(--awb-custom11);\" target=\"_blank\" rel=\"noopener noreferrer\" title=\"Peaks of the Balkans Wander Tour 6 Tage Buchen\" aria-label=\"Peaks of the Balkans Wander Tour 6 Tage Buchen\" href=\"https:\/\/www.abenteueralbanien.de\/peaks-of-the-balkans-6-tage\/\"><span class=\"fusion-button-text awb-button__text awb-button__text--default\">Hier Tour Buchen<\/span><\/a><\/div><\/div><\/div>\n<\/div><\/div><div class=\"fusion-fullwidth fullwidth-box fusion-builder-row-3 fusion-flex-container has-pattern-background has-mask-background nonhundred-percent-fullwidth non-hundred-percent-height-scrolling\" style=\"--awb-border-radius-top-left:0px;--awb-border-radius-top-right:0px;--awb-border-radius-bottom-right:0px;--awb-border-radius-bottom-left:0px;--awb-flex-wrap:wrap;\" ><div class=\"fusion-builder-row fusion-row fusion-flex-align-items-flex-start fusion-flex-content-wrap\" style=\"max-width:1248px;margin-left: calc(-4% \/ 2 );margin-right: calc(-4% \/ 2 );\"><div class=\"fusion-layout-column fusion_builder_column fusion-builder-column-4 fusion_builder_column_1_1 1_1 fusion-flex-column\" style=\"--awb-bg-size:cover;--awb-width-large:100%;--awb-margin-top-large:0px;--awb-spacing-right-large:1.92%;--awb-margin-bottom-large:20px;--awb-spacing-left-large:1.92%;--awb-width-medium:100%;--awb-order-medium:0;--awb-spacing-right-medium:1.92%;--awb-spacing-left-medium:1.92%;--awb-width-small:100%;--awb-order-small:0;--awb-spacing-right-small:1.92%;--awb-spacing-left-small:1.92%;\"><div class=\"fusion-column-wrapper fusion-column-has-shadow fusion-flex-justify-content-flex-start fusion-content-layout-column\"><div class=\"fusion-text fusion-text-3\"><h3>Korca Bier Brauerei<\/h3>\n<p>Korce ist seit Jahrzehnten ein Zentrum der Produktion von Bier und der Geburtsort einer der bekanntesten Biermarken Albaniens: der gleichnamigen Birra Kor\u00e7a.\u00a0Es wurde 1928 von einem italienischen Investor gegr\u00fcndet und war das erste Bier, das jemals in Albanien gebraut wurde. W\u00e4hrend des Krieges wurde die Produktion eingestellt, dann wurde die <a href=\"https:\/\/birrakorca.com.al\/\" target=\"_blank\" rel=\"noopener\">Brauerei<\/a> w\u00e4hrend der kommunistischen Zeit verstaatlicht. Erst 2004 wurde sie unter neuer F\u00fchrung wiederer\u00f6ffnet. Heute produziert die Bierfabrik in Korca jedes Jahr unglaubliche 120.000 Hektoliter Bier.<\/p>\n<p>Ich bin nicht gerade ein Bierliebhaber, aber selbst ich konnte den k\u00f6stlichen Geschmack sch\u00e4tzen. Das Blonde Birra Korca wird mit nat\u00fcrlichem Quellwasser aus dem nahe gelegenen Morava-Gebirge gebraut und ist leicht und frisch. Es gibt auch ein dunkles Lagerbier und ein dunkles Ale.<\/p>\n<p>In der Bierfabrik Birra Kor\u00e7\u00eb, die gleichzeitig ein Restaurant und einen Biergarten beherbergt, kannst du die ganze Palette (und noch mehr) probieren. Sie befindet sich auf einem gr\u00fcnen Grundst\u00fcck im Osten der Stadt &#8211; nur 1,5 km vom Alten Basar entfernt und \u00fcber die Bulevardi Fan Noli Kor\u00e7\u00eb zu erreichen &#8211; und ist wirklich einer der sch\u00f6nsten Orte in der Stadt.<\/p>\n<p>Ich empfehle einen Besuch am sp\u00e4ten Nachmittag, wenn das Licht durch die B\u00e4ume f\u00e4llt und sich Gruppen von Einheimischen hier versammeln. Es ist ein sehr familienfreundlicher Ort mit einer freundlichen Atmosph\u00e4re. Hinter den Tischen kannst du die Bierbrauanlage besichtigen und vielleicht sogar die Brauerei besichtigen und eine richtige Bierverkostung machen.<\/p>\n<p>Infos: Das Bar-Restaurant ist t\u00e4glich von 8 Uhr morgens bis Mitternacht ge\u00f6ffnet. Jeden August veranstaltet die Brauerei ein 5-t\u00e4giges Bierfest.<\/p>\n<h2>Korca &#8211; Museen<\/h2>\n<p>Kor\u00e7a ist bekannt f\u00fcr eine Reihe von Museen, die sich mit der Kunst und den Traditionen dieser Stadt befassen, die auch als das kleine Paris Albaniens bekannt ist und zu den meistbesuchten Attraktionen f\u00fcr einheimische und ausl\u00e4ndische Touristen geh\u00f6rt. Zu ihnen geh\u00f6ren: Das Nationale Bildungsmuseum, das in dem Geb\u00e4ude untergebracht ist, in dem 1887 die erste albanische Schule er\u00f6ffnet wurde; das Nationale Museum f\u00fcr mittelalterliche Kunst; das Pr\u00e4historische Museum, das Hausmuseum des ber\u00fchmten Malers Vangjush Mio, das Museum f\u00fcr orientalische Kunst \u201eBratko\u201c, das Museum f\u00fcr Fotografie Gjon Mili, usw.<\/p>\n<h3>Gjon Mili Fotomuseum<\/h3>\n<p><img decoding=\"async\" class=\"lazyload alignnone wp-image-5592 size-large\" src=\"https:\/\/www.abenteueralbanien.de\/wp-content\/uploads\/2022\/07\/Albanien-Reise_Abenteuer-Albanien_Wandern_Berge_Meer_Kultur_Kulinarik_Wein-264-1024x768.jpg\" data-orig-src=\"https:\/\/www.abenteueralbanien.de\/wp-content\/uploads\/2022\/07\/Albanien-Reise_Abenteuer-Albanien_Wandern_Berge_Meer_Kultur_Kulinarik_Wein-264-1024x768.jpg\" alt=\"Gjon Mili Fotomuseum Korca Museen\" width=\"1024\" height=\"768\" srcset=\"data:image\/svg+xml,%3Csvg%20xmlns%3D%27http%3A%2F%2Fwww.w3.org%2F2000%2Fsvg%27%20width%3D%271024%27%20height%3D%27768%27%20viewBox%3D%270%200%201024%20768%27%3E%3Crect%20width%3D%271024%27%20height%3D%27768%27%20fill-opacity%3D%220%22%2F%3E%3C%2Fsvg%3E\" data-srcset=\"https:\/\/www.abenteueralbanien.de\/wp-content\/uploads\/2022\/07\/Albanien-Reise_Abenteuer-Albanien_Wandern_Berge_Meer_Kultur_Kulinarik_Wein-264-200x150.jpg 200w, https:\/\/www.abenteueralbanien.de\/wp-content\/uploads\/2022\/07\/Albanien-Reise_Abenteuer-Albanien_Wandern_Berge_Meer_Kultur_Kulinarik_Wein-264-300x225.jpg 300w, https:\/\/www.abenteueralbanien.de\/wp-content\/uploads\/2022\/07\/Albanien-Reise_Abenteuer-Albanien_Wandern_Berge_Meer_Kultur_Kulinarik_Wein-264-400x300.jpg 400w, https:\/\/www.abenteueralbanien.de\/wp-content\/uploads\/2022\/07\/Albanien-Reise_Abenteuer-Albanien_Wandern_Berge_Meer_Kultur_Kulinarik_Wein-264-600x450.jpg 600w, https:\/\/www.abenteueralbanien.de\/wp-content\/uploads\/2022\/07\/Albanien-Reise_Abenteuer-Albanien_Wandern_Berge_Meer_Kultur_Kulinarik_Wein-264-768x576.jpg 768w, https:\/\/www.abenteueralbanien.de\/wp-content\/uploads\/2022\/07\/Albanien-Reise_Abenteuer-Albanien_Wandern_Berge_Meer_Kultur_Kulinarik_Wein-264-800x600.jpg 800w, https:\/\/www.abenteueralbanien.de\/wp-content\/uploads\/2022\/07\/Albanien-Reise_Abenteuer-Albanien_Wandern_Berge_Meer_Kultur_Kulinarik_Wein-264-1024x768.jpg 1024w, https:\/\/www.abenteueralbanien.de\/wp-content\/uploads\/2022\/07\/Albanien-Reise_Abenteuer-Albanien_Wandern_Berge_Meer_Kultur_Kulinarik_Wein-264-1200x900.jpg 1200w, https:\/\/www.abenteueralbanien.de\/wp-content\/uploads\/2022\/07\/Albanien-Reise_Abenteuer-Albanien_Wandern_Berge_Meer_Kultur_Kulinarik_Wein-264-1536x1152.jpg 1536w\" data-sizes=\"auto\" data-orig-sizes=\"(max-width: 1024px) 100vw, 1024px\" \/><\/p>\n<p>Wenn du dich durch die Treppenh\u00e4user des Panoramaturms schl\u00e4ngelst, wirst du feststellen, dass einige der Betonw\u00e4nde mit Kunstpostern aufgepeppt wurden. Es sind Werke des lokalen Fotografen Gjon Mili.<\/p>\n<p>Nachdem ich Milis Arbeit an der Universit\u00e4t kennengelernt hatte, wollte ich unbedingt sein Museum im obersten Stockwerk des Rum\u00e4nischen Hauses besuchen. Der Eintritt ist frei und du kannst sogar an einer F\u00fchrung mit dem sehr sachkundigen Kurator teilnehmen. Es gibt sogar einen &#8222;Lichtexperimentierraum&#8220;, in dem du dich selbst an der Lichtmalerei versuchen kannst.<\/p>\n<p>Mili, der 1904 in Korca geboren wurde und in Rum\u00e4nien aufgewachsen ist, ist vor allem daf\u00fcr bekannt, dass er von den 1940er Jahren bis zu seinem Tod 1984 f\u00fcr das New Yorker Life Magazine fotografiert hat. Er war ein Pionier der experimentellen Lichtfotografie, arbeitete mit K\u00fcnstlern wie Man Ray zusammen und portr\u00e4tierte unter anderem Pablo Picasso.<\/p>\n<p>Das Gjon Mili Museum zeigt eine riesige Sammlung seiner ikonischsten Bilder sowie ber\u00fchrende Familienportr\u00e4ts und Briefe des K\u00fcnstlers. Aufgrund seiner erfolgreichen Karriere ist Milis Geschichte mit vielen wichtigen historischen Ereignissen verkn\u00fcpft. Es ist faszinierend zu sehen, wie die Mondlandung, Watergate und andere Meilensteine durch seine Fotografien erz\u00e4hlt werden &#8211; ich bin mir sicher, dass du mehr als nur ein paar der Bilder aus der Popul\u00e4rkultur wiedererkennen wirst.<\/p>\n<p>Infos: Das Museum ist von Dienstag bis Sonntag (montags geschlossen) von 9 bis 14 Uhr und von 17 bis 19 Uhr ge\u00f6ffnet. Der Eintritt ist frei.<\/p>\n<h3>Nationalmuseum f\u00fcr mittelalterliche Kunst<\/h3>\n<div id=\"attachment_3186\" style=\"width: 1034px\" class=\"wp-caption alignnone\"><img decoding=\"async\" aria-describedby=\"caption-attachment-3186\" class=\"lazyload wp-image-3186 size-large\" src=\"https:\/\/www.abenteueralbanien.de\/wp-content\/uploads\/2021\/10\/Nationalmuseum-fuer-mittelalterliche-Kuns_Korca-1024x597.jpg\" data-orig-src=\"https:\/\/www.abenteueralbanien.de\/wp-content\/uploads\/2021\/10\/Nationalmuseum-fuer-mittelalterliche-Kuns_Korca-1024x597.jpg\" alt=\"Nationalmuseum f\u00fcr mittelalterliche Kunst Korca\" width=\"1024\" height=\"597\" srcset=\"data:image\/svg+xml,%3Csvg%20xmlns%3D%27http%3A%2F%2Fwww.w3.org%2F2000%2Fsvg%27%20width%3D%271024%27%20height%3D%27597%27%20viewBox%3D%270%200%201024%20597%27%3E%3Crect%20width%3D%271024%27%20height%3D%27597%27%20fill-opacity%3D%220%22%2F%3E%3C%2Fsvg%3E\" data-srcset=\"https:\/\/www.abenteueralbanien.de\/wp-content\/uploads\/2021\/10\/Nationalmuseum-fuer-mittelalterliche-Kuns_Korca-200x117.jpg 200w, https:\/\/www.abenteueralbanien.de\/wp-content\/uploads\/2021\/10\/Nationalmuseum-fuer-mittelalterliche-Kuns_Korca-300x175.jpg 300w, https:\/\/www.abenteueralbanien.de\/wp-content\/uploads\/2021\/10\/Nationalmuseum-fuer-mittelalterliche-Kuns_Korca-400x233.jpg 400w, https:\/\/www.abenteueralbanien.de\/wp-content\/uploads\/2021\/10\/Nationalmuseum-fuer-mittelalterliche-Kuns_Korca-600x350.jpg 600w, https:\/\/www.abenteueralbanien.de\/wp-content\/uploads\/2021\/10\/Nationalmuseum-fuer-mittelalterliche-Kuns_Korca-768x448.jpg 768w, https:\/\/www.abenteueralbanien.de\/wp-content\/uploads\/2021\/10\/Nationalmuseum-fuer-mittelalterliche-Kuns_Korca-800x467.jpg 800w, https:\/\/www.abenteueralbanien.de\/wp-content\/uploads\/2021\/10\/Nationalmuseum-fuer-mittelalterliche-Kuns_Korca-1024x597.jpg 1024w, https:\/\/www.abenteueralbanien.de\/wp-content\/uploads\/2021\/10\/Nationalmuseum-fuer-mittelalterliche-Kuns_Korca-1200x700.jpg 1200w, https:\/\/www.abenteueralbanien.de\/wp-content\/uploads\/2021\/10\/Nationalmuseum-fuer-mittelalterliche-Kuns_Korca-1536x896.jpg 1536w\" data-sizes=\"auto\" data-orig-sizes=\"(max-width: 1024px) 100vw, 1024px\" \/><p id=\"caption-attachment-3186\" class=\"wp-caption-text\">Nationalmuseum f\u00fcr mittelalterliche Kunst Korca<\/p><\/div>\n<p>Wenn ich mich f\u00fcr ein Lieblingsmuseum in der gesamten Balkanregion entscheiden m\u00fcsste, dann w\u00e4re es dieses.<\/p>\n<p>Das Nationalmuseum f\u00fcr mittelalterliche Kunst, das sich in der N\u00e4he von Birra Korca befindet, wurde eigens gebaut, um 7.000 Kunstwerke zu beherbergen, haupts\u00e4chlich orthodoxe Ikonen, die aus Holz, Metall und Stein gefertigt wurden. Die Sammlung umfasst eine byzantinische Ikone des Erzengels Michael, die als &#8222;Mona Lisa des Balkans&#8220; bezeichnet wird, sowie einige Werke von Onufri, dem ber\u00fchmten Ikonenmaler, der in Berat geboren wurde.<\/p>\n<p>Wenn du eintrittst, ist das erste, was du siehst, die imposante &#8222;Goldene Wand&#8220; &#8211; eine 9,5 m hohe Mauer, die von oben bis unten mit Ikonen aus dem 16. Du k\u00f6nntest buchst\u00e4blich stundenlang stehen und die Feinheiten der Holzarbeiten und die Verzierungen der Gem\u00e4lde bewundern.<\/p>\n<p>Das 2016 erbaute Museum selbst ist ein architektonisches Meisterwerk. Das Layout soll die verschiedenen Elemente der ikonografischen Kunst widerspiegeln.\u00a0Die Besucherinnen und Besucher bewegen sich choreografisch durch offene Treppen, breite G\u00e4nge und enge Flure, wobei Farbe und Licht eingesetzt werden, um die verschiedenen Werke zu betonen. Ich kann es nur so beschreiben: Es ist ein Ganzk\u00f6rpererlebnis.<\/p>\n<p>Mit 700 Lek pro Person ist der Eintritt definitiv etwas teuer (ich glaube, das war der h\u00f6chste Preis, den wir f\u00fcr ein Museum auf dem Balkan bezahlt haben). Aber ich glaube, das ist es absolut wert.\u00a0Fotografieren ist strengstens verboten, also musst du mir glauben, dass das Nationalmuseum f\u00fcr mittelalterliche Kunst eines der besten Dinge ist, die man in Korca tun kann (oder folge dem Link oben, um einen Blick darauf zu werfen).<\/p>\n<p>Infos: Ge\u00f6ffnet von Dienstag bis Samstag von 9 bis 16 Uhr und Sonntag von 10 bis 15 Uhr (montags geschlossen). Der Eintritt kostet 700 Lek.<\/p>\n<h3>Die erste albanische Schule (M\u00ebsonj\u00ebtorja)<\/h3>\n<div id=\"attachment_3988\" style=\"width: 1034px\" class=\"wp-caption alignnone\"><img decoding=\"async\" aria-describedby=\"caption-attachment-3988\" class=\"lazyload wp-image-3988 size-large\" src=\"https:\/\/www.abenteueralbanien.de\/wp-content\/uploads\/2021\/12\/Albanien-Reise-1-5-1024x768.jpg\" data-orig-src=\"https:\/\/www.abenteueralbanien.de\/wp-content\/uploads\/2021\/12\/Albanien-Reise-1-5-1024x768.jpg\" alt=\"Museum der ersten albanischen Schule M\u00ebsonjtorja Korca\" width=\"1024\" height=\"768\" srcset=\"data:image\/svg+xml,%3Csvg%20xmlns%3D%27http%3A%2F%2Fwww.w3.org%2F2000%2Fsvg%27%20width%3D%271024%27%20height%3D%27768%27%20viewBox%3D%270%200%201024%20768%27%3E%3Crect%20width%3D%271024%27%20height%3D%27768%27%20fill-opacity%3D%220%22%2F%3E%3C%2Fsvg%3E\" data-srcset=\"https:\/\/www.abenteueralbanien.de\/wp-content\/uploads\/2021\/12\/Albanien-Reise-1-5-200x150.jpg 200w, https:\/\/www.abenteueralbanien.de\/wp-content\/uploads\/2021\/12\/Albanien-Reise-1-5-300x225.jpg 300w, https:\/\/www.abenteueralbanien.de\/wp-content\/uploads\/2021\/12\/Albanien-Reise-1-5-400x300.jpg 400w, https:\/\/www.abenteueralbanien.de\/wp-content\/uploads\/2021\/12\/Albanien-Reise-1-5-600x450.jpg 600w, https:\/\/www.abenteueralbanien.de\/wp-content\/uploads\/2021\/12\/Albanien-Reise-1-5-768x576.jpg 768w, https:\/\/www.abenteueralbanien.de\/wp-content\/uploads\/2021\/12\/Albanien-Reise-1-5-800x600.jpg 800w, https:\/\/www.abenteueralbanien.de\/wp-content\/uploads\/2021\/12\/Albanien-Reise-1-5-1024x768.jpg 1024w, https:\/\/www.abenteueralbanien.de\/wp-content\/uploads\/2021\/12\/Albanien-Reise-1-5-1200x900.jpg 1200w, https:\/\/www.abenteueralbanien.de\/wp-content\/uploads\/2021\/12\/Albanien-Reise-1-5-1536x1152.jpg 1536w\" data-sizes=\"auto\" data-orig-sizes=\"(max-width: 1024px) 100vw, 1024px\" \/><p id=\"caption-attachment-3988\" class=\"wp-caption-text\">Museum der ersten albanischen Schule M\u00ebsonjtorja Korca<\/p><\/div>\n<p>Als die M\u00ebsonj\u00ebtorja im M\u00e4rz 1887 er\u00f6ffnet wurde, war sie der erste Ort, an dem Sch\u00fclerinnen und Sch\u00fclern das geschriebene albanische Alphabet beigebracht wurde. Heute ist dieses bescheidene Schulgeb\u00e4ude aus Stein, das heute als Nationales Bildungsmuseum (Muzeu Komb\u00ebtar i Arsimit) bekannt ist, der Geschichte der albanischen Nationalsprache gewidmet.<\/p>\n<p>Das Museum dokumentiert die Geschichte der alten Sprache und ihrer beiden Alphabete. Zu sehen sind unter anderem Dokumente, Manuskripte und Archivfotos.\u00a0Auch wenn es nicht mein Lieblingsmuseum in Korca ist, lohnt es sich, einen Blick hineinzuwerfen, um mehr \u00fcber diese besondere Sprache zu erfahren, die sich von allen anderen in der Region gesprochenen Sprachen unterscheidet.<\/p>\n<p>Infos: Das Museum ist t\u00e4glich von 9 bis 14 Uhr und von 16 bis 18 Uhr ge\u00f6ffnet.<\/p>\n<h3>Arch\u00e4ologisches Museum Korca<\/h3>\n<p>Wenn du noch Zeit f\u00fcr ein weiteres Museum hast, solltest du das Arch\u00e4ologische Museum besuchen. Die dort ausgestellten Artefakte stammen aus der Jungsteinzeit und zeigen ein anderes Kapitel der fr\u00fchen Geschichte von Korca.<\/p>\n<p>Das Museum ist in einem robusten Steingeb\u00e4ude hinter der Kathedrale untergebracht und wurde in den 1990er Jahren er\u00f6ffnet. Die Beschilderung ist begrenzt, aber in der Regel stehen dir die Mitarbeiter zur Verf\u00fcgung, um dich herumzuf\u00fchren und Fragen zu beantworten.<\/p>\n<p>Infos: Ge\u00f6ffnet von Dienstag bis Samstag von 9.00 &#8211; 19.00 Uhr und Sonntag von 9.00 &#8211; 14.00 Uhr. Wenn du unbeaufsichtigt bist, rufe die Nummer an der T\u00fcr an und jemand wird dich hereinlassen. Der Eintritt kostet 200 Lek.<\/p>\n<h2>Kulinarisches<\/h2>\n<h3>Lakror &#8211;\u00a0Traditionelle K\u00fcche<\/h3>\n<p><img decoding=\"async\" class=\"lazyload alignnone wp-image-5610 size-large\" src=\"https:\/\/www.abenteueralbanien.de\/wp-content\/uploads\/2022\/07\/c98598f9186c5267f4067aa308dc0493-1024x683.jpg\" data-orig-src=\"https:\/\/www.abenteueralbanien.de\/wp-content\/uploads\/2022\/07\/c98598f9186c5267f4067aa308dc0493-1024x683.jpg\" alt=\"LAKROR\" width=\"1024\" height=\"683\" srcset=\"data:image\/svg+xml,%3Csvg%20xmlns%3D%27http%3A%2F%2Fwww.w3.org%2F2000%2Fsvg%27%20width%3D%271024%27%20height%3D%27683%27%20viewBox%3D%270%200%201024%20683%27%3E%3Crect%20width%3D%271024%27%20height%3D%27683%27%20fill-opacity%3D%220%22%2F%3E%3C%2Fsvg%3E\" data-srcset=\"https:\/\/www.abenteueralbanien.de\/wp-content\/uploads\/2022\/07\/c98598f9186c5267f4067aa308dc0493-200x133.jpg 200w, https:\/\/www.abenteueralbanien.de\/wp-content\/uploads\/2022\/07\/c98598f9186c5267f4067aa308dc0493-300x200.jpg 300w, https:\/\/www.abenteueralbanien.de\/wp-content\/uploads\/2022\/07\/c98598f9186c5267f4067aa308dc0493-400x267.jpg 400w, https:\/\/www.abenteueralbanien.de\/wp-content\/uploads\/2022\/07\/c98598f9186c5267f4067aa308dc0493-600x400.jpg 600w, https:\/\/www.abenteueralbanien.de\/wp-content\/uploads\/2022\/07\/c98598f9186c5267f4067aa308dc0493-768x512.jpg 768w, https:\/\/www.abenteueralbanien.de\/wp-content\/uploads\/2022\/07\/c98598f9186c5267f4067aa308dc0493-800x533.jpg 800w, https:\/\/www.abenteueralbanien.de\/wp-content\/uploads\/2022\/07\/c98598f9186c5267f4067aa308dc0493-1024x683.jpg 1024w, https:\/\/www.abenteueralbanien.de\/wp-content\/uploads\/2022\/07\/c98598f9186c5267f4067aa308dc0493.jpg 1080w\" data-sizes=\"auto\" data-orig-sizes=\"(max-width: 1024px) 100vw, 1024px\" \/><\/p>\n<p>In Albanien herrscht kein Mangel an k\u00f6stlichem Essen und regionalen Spezialit\u00e4ten, die du probieren kannst. Korca ist ber\u00fchmt f\u00fcr ein bestimmtes Gericht namens Lakror, ein Burek nach albanischer Art.<\/p>\n<p>Lakror wird aus Bl\u00e4tterteig hergestellt und je nach Jahreszeit mit K\u00e4se, Spinat oder Lauch gef\u00fcllt und in mundgerechten Quadraten serviert. Er unterscheidet sich sehr von den &#8222;normalen&#8220; Burek, die man im Rest des Balkans findet &#8211; ich finde, er ist leichter und weniger fettig. Er erinnert mich eher an griechischen Bl\u00e4tterteig.<\/p>\n<div style=\"width: 1200px;\" class=\"wp-video\"><video class=\"wp-video-shortcode\" id=\"video-5589-1\" width=\"1200\" height=\"675\" preload=\"metadata\" controls=\"controls\"><source type=\"video\/mp4\" src=\"https:\/\/www.abenteueralbanien.de\/wp-content\/uploads\/2022\/08\/IMG_3092.mp4?_=1\" \/><a href=\"https:\/\/www.abenteueralbanien.de\/wp-content\/uploads\/2022\/08\/IMG_3092.mp4\">https:\/\/www.abenteueralbanien.de\/wp-content\/uploads\/2022\/08\/IMG_3092.mp4<\/a><\/video><\/div>\n<p>Im n\u00e4chsten Abschnitt findest du meine Restaurantempfehlungen f\u00fcr die besten Orte, um Lakror zu probieren.<\/p>\n<p>Jedes Jahr im Juli findet in Korca ein Lakror-Kuchenfest (Festa e Lakrorit) statt, bei dem das Geb\u00e4ck und andere lokale K\u00f6stlichkeiten vorgestellt werden.<\/p>\n<h3>Restaurants in Korca<\/h3>\n<p>Hier sind ein paar meiner Lieblingsrestaurants in der Stadt, in denen du typisch albanische K\u00fcche essen und lokale Spezialit\u00e4ten wie Lakror probieren kannst.<\/p>\n<h3>Findfour<\/h3>\n<p>Wir sind zuf\u00e4llig auf das trendige Caf\u00e9 am Boulevard Republika (Bulevardi Republika) gesto\u00dfen. Der Lakror mit wei\u00dfen Bohnen ist extrem lecker und die handgemachten Nudeln sind auch nicht zu verachten. Wir haben auch das Risotto mit Huhn, Speck und Mandeln genossen. \u00d6ffnungszeiten und Infos <a href=\"https:\/\/www.facebook.com\/pages\/Find%20Four\/186328008225728\/\" target=\"_blank\" rel=\"noopener\">hier<\/a>.<\/p>\n<h3>Vila Cofiel<\/h3>\n<p>Mein Lieblingsrestaurant in Kor\u00e7\u00eb ist die Vila Cofiel (wir haben dort gleich dreimal gegessen). Das Balsamico-Schweinefleisch und der Salat des Hauses sind beide fantastisch. Es ist ein beliebtes Studentenrestaurant, daher sind die Portionen gro\u00df und die Preise gut. \u00d6ffnungszeiten und Infos <a href=\"https:\/\/www.facebook.com\/vilacofiel11\/\" target=\"_blank\" rel=\"noopener\">hier<\/a>.<\/p>\n<h3>Taverna Vasili<\/h3>\n<p>Die Taverna Vasili hat einen gem\u00fctlichen Speisesaal und eine Au\u00dfenterrasse. Hier kannst du Pacavure Korce probieren, ein regionales Dessert, das ein bisschen wie Baklava aussieht, aber mit Orangensaft zubereitet wird. \u00d6ffnungszeiten und Infos <a href=\"https:\/\/www.tripadvisor.com\/Restaurant_Review-g318868-d8527204-Reviews-Taverna_Vasili-Korce_Korce_County.html\" target=\"_blank\" rel=\"noopener\">hier<\/a>.<\/p>\n<h2>Tagesausfl\u00fcge von Korca<\/h2>\n<h3>Ohris See &amp; Kloster St. Naum<\/h3>\n<p><img decoding=\"async\" class=\"lazyload alignnone wp-image-7199 size-large\" src=\"https:\/\/www.abenteueralbanien.de\/wp-content\/uploads\/2023\/02\/Mazedonien-1-44-1024x768.jpg\" data-orig-src=\"https:\/\/www.abenteueralbanien.de\/wp-content\/uploads\/2023\/02\/Mazedonien-1-44-1024x768.jpg\" alt=\"Ohrid Ohridsee\" width=\"1024\" height=\"768\" srcset=\"data:image\/svg+xml,%3Csvg%20xmlns%3D%27http%3A%2F%2Fwww.w3.org%2F2000%2Fsvg%27%20width%3D%271024%27%20height%3D%27768%27%20viewBox%3D%270%200%201024%20768%27%3E%3Crect%20width%3D%271024%27%20height%3D%27768%27%20fill-opacity%3D%220%22%2F%3E%3C%2Fsvg%3E\" data-srcset=\"https:\/\/www.abenteueralbanien.de\/wp-content\/uploads\/2023\/02\/Mazedonien-1-44-200x150.jpg 200w, https:\/\/www.abenteueralbanien.de\/wp-content\/uploads\/2023\/02\/Mazedonien-1-44-300x225.jpg 300w, https:\/\/www.abenteueralbanien.de\/wp-content\/uploads\/2023\/02\/Mazedonien-1-44-400x300.jpg 400w, https:\/\/www.abenteueralbanien.de\/wp-content\/uploads\/2023\/02\/Mazedonien-1-44-600x450.jpg 600w, https:\/\/www.abenteueralbanien.de\/wp-content\/uploads\/2023\/02\/Mazedonien-1-44-768x576.jpg 768w, https:\/\/www.abenteueralbanien.de\/wp-content\/uploads\/2023\/02\/Mazedonien-1-44-800x600.jpg 800w, https:\/\/www.abenteueralbanien.de\/wp-content\/uploads\/2023\/02\/Mazedonien-1-44-1024x768.jpg 1024w, https:\/\/www.abenteueralbanien.de\/wp-content\/uploads\/2023\/02\/Mazedonien-1-44-1200x900.jpg 1200w, https:\/\/www.abenteueralbanien.de\/wp-content\/uploads\/2023\/02\/Mazedonien-1-44-1536x1152.jpg 1536w, https:\/\/www.abenteueralbanien.de\/wp-content\/uploads\/2023\/02\/Mazedonien-1-44.jpg 1800w\" data-sizes=\"auto\" data-orig-sizes=\"(max-width: 1024px) 100vw, 1024px\" \/><\/p>\n<p>Wenn du nach Norden in Richtung Nordmazedonien f\u00e4hrst, bist du in etwas mehr als einer Stunde am Ufer des kultigen Ohridsees angelangt. Das Kloster St. Naum wird normalerweise mit dem Boot von Ohrid aus besucht, aber du kannst es auch von der albanischen Seite aus erreichen. Es befindet sich direkt an der Grenze zwischen den beiden L\u00e4ndern.<\/p>\n<p>Du kannst nicht nur das Kloster Saint Naum besuchen, sondern auch eine Bootsfahrt auf dem See machen und dann in Pogradec, der gr\u00f6\u00dften Stadt auf der albanischen Seite, zu Mittag essen.<\/p>\n<p><img decoding=\"async\" class=\"lazyload alignnone size-large wp-image-5615\" src=\"https:\/\/www.abenteueralbanien.de\/wp-content\/uploads\/2022\/07\/Mazedonien-1-93-1024x768.jpg\" data-orig-src=\"https:\/\/www.abenteueralbanien.de\/wp-content\/uploads\/2022\/07\/Mazedonien-1-93-1024x768.jpg\" alt=\"St Naum Ohrid Mazedonien\" width=\"1024\" height=\"768\" srcset=\"data:image\/svg+xml,%3Csvg%20xmlns%3D%27http%3A%2F%2Fwww.w3.org%2F2000%2Fsvg%27%20width%3D%271024%27%20height%3D%27768%27%20viewBox%3D%270%200%201024%20768%27%3E%3Crect%20width%3D%271024%27%20height%3D%27768%27%20fill-opacity%3D%220%22%2F%3E%3C%2Fsvg%3E\" data-srcset=\"https:\/\/www.abenteueralbanien.de\/wp-content\/uploads\/2022\/07\/Mazedonien-1-93-200x150.jpg 200w, https:\/\/www.abenteueralbanien.de\/wp-content\/uploads\/2022\/07\/Mazedonien-1-93-300x225.jpg 300w, https:\/\/www.abenteueralbanien.de\/wp-content\/uploads\/2022\/07\/Mazedonien-1-93-400x300.jpg 400w, https:\/\/www.abenteueralbanien.de\/wp-content\/uploads\/2022\/07\/Mazedonien-1-93-600x450.jpg 600w, https:\/\/www.abenteueralbanien.de\/wp-content\/uploads\/2022\/07\/Mazedonien-1-93-768x576.jpg 768w, https:\/\/www.abenteueralbanien.de\/wp-content\/uploads\/2022\/07\/Mazedonien-1-93-800x600.jpg 800w, https:\/\/www.abenteueralbanien.de\/wp-content\/uploads\/2022\/07\/Mazedonien-1-93-1024x768.jpg 1024w, https:\/\/www.abenteueralbanien.de\/wp-content\/uploads\/2022\/07\/Mazedonien-1-93-1200x900.jpg 1200w, https:\/\/www.abenteueralbanien.de\/wp-content\/uploads\/2022\/07\/Mazedonien-1-93-1536x1152.jpg 1536w, https:\/\/www.abenteueralbanien.de\/wp-content\/uploads\/2022\/07\/Mazedonien-1-93.jpg 1800w\" data-sizes=\"auto\" data-orig-sizes=\"(max-width: 1024px) 100vw, 1024px\" \/><\/p>\n<h3 class=\"LC20lb MBeuO DKV0Md\">Galicica\u00a0National Park<\/h3>\n<p>Ein weiterer fantastischer Tagesausflug f\u00fcr Aktivreisende ist der Galicica-Nationalpark, der gleich hinter der Grenze in Nordmazedonien liegt.<\/p>\n<p>Dieses riesige Schutzgebiet umfasst den Berg Galicica und \u00fcberblickt den Ohrid- und den Prespasee. In den w\u00e4rmeren Monaten gibt es hier Wander- und Mountainbikewege.<\/p>\n<div id=\"attachment_24358\" style=\"width: 1034px\" class=\"wp-caption alignnone\"><img decoding=\"async\" aria-describedby=\"caption-attachment-24358\" class=\"lazyload wp-image-24358 size-large\" src=\"https:\/\/www.abenteueralbanien.de\/wp-content\/uploads\/2022\/07\/Ohridsee-Mazedonien-Galilica-Nationalpark-1024x768.jpg\" data-orig-src=\"https:\/\/www.abenteueralbanien.de\/wp-content\/uploads\/2022\/07\/Ohridsee-Mazedonien-Galilica-Nationalpark-1024x768.jpg\" alt=\"Galicica Nationalpark - Mazedonien \" width=\"1024\" height=\"768\" srcset=\"data:image\/svg+xml,%3Csvg%20xmlns%3D%27http%3A%2F%2Fwww.w3.org%2F2000%2Fsvg%27%20width%3D%271024%27%20height%3D%27768%27%20viewBox%3D%270%200%201024%20768%27%3E%3Crect%20width%3D%271024%27%20height%3D%27768%27%20fill-opacity%3D%220%22%2F%3E%3C%2Fsvg%3E\" data-srcset=\"https:\/\/www.abenteueralbanien.de\/wp-content\/uploads\/2022\/07\/Ohridsee-Mazedonien-Galilica-Nationalpark-16x12.jpg 16w, https:\/\/www.abenteueralbanien.de\/wp-content\/uploads\/2022\/07\/Ohridsee-Mazedonien-Galilica-Nationalpark-200x150.jpg 200w, https:\/\/www.abenteueralbanien.de\/wp-content\/uploads\/2022\/07\/Ohridsee-Mazedonien-Galilica-Nationalpark-300x225.jpg 300w, https:\/\/www.abenteueralbanien.de\/wp-content\/uploads\/2022\/07\/Ohridsee-Mazedonien-Galilica-Nationalpark-400x300.jpg 400w, https:\/\/www.abenteueralbanien.de\/wp-content\/uploads\/2022\/07\/Ohridsee-Mazedonien-Galilica-Nationalpark-600x450.jpg 600w, https:\/\/www.abenteueralbanien.de\/wp-content\/uploads\/2022\/07\/Ohridsee-Mazedonien-Galilica-Nationalpark-768x576.jpg 768w, https:\/\/www.abenteueralbanien.de\/wp-content\/uploads\/2022\/07\/Ohridsee-Mazedonien-Galilica-Nationalpark-800x600.jpg 800w, https:\/\/www.abenteueralbanien.de\/wp-content\/uploads\/2022\/07\/Ohridsee-Mazedonien-Galilica-Nationalpark-1024x768.jpg 1024w, https:\/\/www.abenteueralbanien.de\/wp-content\/uploads\/2022\/07\/Ohridsee-Mazedonien-Galilica-Nationalpark-1200x900.jpg 1200w, https:\/\/www.abenteueralbanien.de\/wp-content\/uploads\/2022\/07\/Ohridsee-Mazedonien-Galilica-Nationalpark-1536x1152.jpg 1536w, https:\/\/www.abenteueralbanien.de\/wp-content\/uploads\/2022\/07\/Ohridsee-Mazedonien-Galilica-Nationalpark.jpg 1800w\" data-sizes=\"auto\" data-orig-sizes=\"(max-width: 1024px) 100vw, 1024px\" \/><p id=\"caption-attachment-24358\" class=\"wp-caption-text\">Der Galicica Nationalpark<\/p><\/div>\n<h3>Voskopoje<\/h3>\n<p>Voskopoj\u00eb ist ein kleines Dorf 30 Stra\u00dfenminuten westlich von Korca. Im 18. Jahrhundert war es die kulturelle Hauptstadt der albanischen Gemeinschaft der Aromunen und eine Hochburg f\u00fcr Handel, Literatur und Bildung. Die erste Druckerei au\u00dferhalb Istanbuls auf dem osmanisch kontrollierten Balkan war hier untergebracht.<\/p>\n<p>Neben pr\u00e4chtigen alten H\u00e4usern und historischen Kirchen findest du hier auch einige ausgezeichnete Restaurants, darunter die beliebte Taverna Voskopoj\u00eb.<\/p>\n<h2>Anreise<\/h2>\n<p><strong>Von Tirana aus:<\/strong> Vom <a href=\"https:\/\/www.abenteueralbanien.de\/bus-von-tirana\/\">Terminali i Autobusave Juglindje in Tirana<\/a> fahren den ganzen Tag \u00fcber Busse nach Korca, die um 5.45 Uhr morgens starten und am Nachmittag enden. Die Fahrt dauert 3 bis 3,5 Stunden und kostet 500 Lek.<\/p>\n<p><strong>Von Saranda\/Gjirokaster:<\/strong> Es gibt einen einzigen Bus, der t\u00e4glich um 5.30 Uhr in Saranda abf\u00e4hrt und um 6.30 Uhr in Gjirokaster h\u00e4lt, bevor er nach Korca weiterf\u00e4hrt. Die Fahrt \u00fcber holprige, aber landschaftlich sch\u00f6ne Stra\u00dfen dauert insgesamt etwa 5,5 Stunden. Die Tickets kosteten 1.300 Lek pro Person, als wir unterwegs waren, aber die Preise schwanken je nach Treibstoffpreis.<\/p>\n<p><div id=\"attachment_5617\" style=\"width: 1034px\" class=\"wp-caption alignnone\"><img decoding=\"async\" aria-describedby=\"caption-attachment-5617\" class=\"lazyload wp-image-5617 size-large\" src=\"https:\/\/www.abenteueralbanien.de\/wp-content\/uploads\/2022\/07\/Busses_Tirana_SoutEast_Station3-1024x768.jpg\" data-orig-src=\"https:\/\/www.abenteueralbanien.de\/wp-content\/uploads\/2022\/07\/Busses_Tirana_SoutEast_Station3-1024x768.jpg\" alt=\"Terminali i Transportit Nd\u00ebrkomb\u00ebtar dhe Kosov\u00ebs in Tirana\" width=\"1024\" height=\"768\" srcset=\"data:image\/svg+xml,%3Csvg%20xmlns%3D%27http%3A%2F%2Fwww.w3.org%2F2000%2Fsvg%27%20width%3D%271024%27%20height%3D%27768%27%20viewBox%3D%270%200%201024%20768%27%3E%3Crect%20width%3D%271024%27%20height%3D%27768%27%20fill-opacity%3D%220%22%2F%3E%3C%2Fsvg%3E\" data-srcset=\"https:\/\/www.abenteueralbanien.de\/wp-content\/uploads\/2022\/07\/Busses_Tirana_SoutEast_Station3-200x150.jpg 200w, https:\/\/www.abenteueralbanien.de\/wp-content\/uploads\/2022\/07\/Busses_Tirana_SoutEast_Station3-300x225.jpg 300w, https:\/\/www.abenteueralbanien.de\/wp-content\/uploads\/2022\/07\/Busses_Tirana_SoutEast_Station3-400x300.jpg 400w, https:\/\/www.abenteueralbanien.de\/wp-content\/uploads\/2022\/07\/Busses_Tirana_SoutEast_Station3-600x450.jpg 600w, https:\/\/www.abenteueralbanien.de\/wp-content\/uploads\/2022\/07\/Busses_Tirana_SoutEast_Station3-768x576.jpg 768w, https:\/\/www.abenteueralbanien.de\/wp-content\/uploads\/2022\/07\/Busses_Tirana_SoutEast_Station3-800x600.jpg 800w, https:\/\/www.abenteueralbanien.de\/wp-content\/uploads\/2022\/07\/Busses_Tirana_SoutEast_Station3-1024x768.jpg 1024w, https:\/\/www.abenteueralbanien.de\/wp-content\/uploads\/2022\/07\/Busses_Tirana_SoutEast_Station3-1200x900.jpg 1200w, https:\/\/www.abenteueralbanien.de\/wp-content\/uploads\/2022\/07\/Busses_Tirana_SoutEast_Station3-1536x1152.jpg 1536w, https:\/\/www.abenteueralbanien.de\/wp-content\/uploads\/2022\/07\/Busses_Tirana_SoutEast_Station3.jpg 1800w\" data-sizes=\"auto\" data-orig-sizes=\"(max-width: 1024px) 100vw, 1024px\" \/><p id=\"caption-attachment-5617\" class=\"wp-caption-text\">Terminali i Transportit Nd\u00ebrkomb\u00ebtar dhe Kosov\u00ebs in Tirana &#8211; S\u00fcdost Terminal Tirana<\/p><\/div>\n<div id=\"attachment_5616\" style=\"width: 1034px\" class=\"wp-caption alignnone\"><img decoding=\"async\" aria-describedby=\"caption-attachment-5616\" class=\"lazyload wp-image-5616 size-large\" src=\"https:\/\/www.abenteueralbanien.de\/wp-content\/uploads\/2022\/07\/Busses_Tirana_SoutEast_Station2-1024x768.jpg\" data-orig-src=\"https:\/\/www.abenteueralbanien.de\/wp-content\/uploads\/2022\/07\/Busses_Tirana_SoutEast_Station2-1024x768.jpg\" alt=\"Terminali i Transportit Nd\u00ebrkomb\u00ebtar dhe Kosov\u00ebs in Tirana Fahrplan Busse\" width=\"1024\" height=\"768\" srcset=\"data:image\/svg+xml,%3Csvg%20xmlns%3D%27http%3A%2F%2Fwww.w3.org%2F2000%2Fsvg%27%20width%3D%271024%27%20height%3D%27768%27%20viewBox%3D%270%200%201024%20768%27%3E%3Crect%20width%3D%271024%27%20height%3D%27768%27%20fill-opacity%3D%220%22%2F%3E%3C%2Fsvg%3E\" data-srcset=\"https:\/\/www.abenteueralbanien.de\/wp-content\/uploads\/2022\/07\/Busses_Tirana_SoutEast_Station2-200x150.jpg 200w, https:\/\/www.abenteueralbanien.de\/wp-content\/uploads\/2022\/07\/Busses_Tirana_SoutEast_Station2-300x225.jpg 300w, https:\/\/www.abenteueralbanien.de\/wp-content\/uploads\/2022\/07\/Busses_Tirana_SoutEast_Station2-400x300.jpg 400w, https:\/\/www.abenteueralbanien.de\/wp-content\/uploads\/2022\/07\/Busses_Tirana_SoutEast_Station2-600x450.jpg 600w, https:\/\/www.abenteueralbanien.de\/wp-content\/uploads\/2022\/07\/Busses_Tirana_SoutEast_Station2-768x576.jpg 768w, https:\/\/www.abenteueralbanien.de\/wp-content\/uploads\/2022\/07\/Busses_Tirana_SoutEast_Station2-800x600.jpg 800w, https:\/\/www.abenteueralbanien.de\/wp-content\/uploads\/2022\/07\/Busses_Tirana_SoutEast_Station2-1024x768.jpg 1024w, https:\/\/www.abenteueralbanien.de\/wp-content\/uploads\/2022\/07\/Busses_Tirana_SoutEast_Station2-1200x900.jpg 1200w, https:\/\/www.abenteueralbanien.de\/wp-content\/uploads\/2022\/07\/Busses_Tirana_SoutEast_Station2-1536x1152.jpg 1536w, https:\/\/www.abenteueralbanien.de\/wp-content\/uploads\/2022\/07\/Busses_Tirana_SoutEast_Station2.jpg 1800w\" data-sizes=\"auto\" data-orig-sizes=\"(max-width: 1024px) 100vw, 1024px\" \/><p id=\"caption-attachment-5616\" class=\"wp-caption-text\">Terminali i Autobusave Juglindje in Tirana &#8211; Fahrplan<\/p><\/div><\/p>\n<h3>Weiterreise nach Griechenland<\/h3>\n<p>Korce liegt nur 35 km von der griechischen Grenze entfernt und ist damit der ideale Ausgangspunkt f\u00fcr die \u00dcberfahrt von Albanien nach Griechenland. Die Fahrt nach Thessaloniki dauert etwa 6,5 Stunden mit dem Bus. Es gibt mehrere Unternehmen, die t\u00e4glich zwei oder drei Verbindungen anbieten.<\/p>\n<p>Auf Anraten der Touristeninformation gingen wir direkt zu einem der B\u00fcros der Busgesellschaft am Bulevardi Gjergj Kastrioti (hinter der Aussichtsplattform), anstatt zum Busbahnhof zu gehen. Die Mitarbeiter waren sehr freundlich und hilfsbereit. Unsere Direkttickets nach Thessaloniki kosteten zu dem Zeitpunkt, als wir reisten, 2.450 Lek (24 USD) pro Person.<\/p>\n<p>Ich empfehle, die Tickets ein paar Tage im Voraus zu kaufen, falls die Pl\u00e4tze ausverkauft sind. Unser Bus fuhr um 9.30 Uhr vom B\u00fcro in der Stadt ab, und wir stellten fest, dass es mittags und am fr\u00fchen Nachmittag mehrere andere Verbindungen gab.<\/p>\n<h2 class=\"single-post-title entry-title\">Plus Tipp Albanien: Die abenteuerliche Fahrt von Saranda nach Korca<\/h2>\n<p>F\u00fcr die etwa 240 Kilometer muss man mit mindestens 5 Stunden Fahrzeit rechnen, da man wirklich nur sehr langsam vorankommt. Proviant und ausreichend Wasser einpacken ist daher definitiv Pflicht. Die Stra\u00dfe SH75 ist durchweg asphaltiert, jedoch ab und an mit Schlagl\u00f6chern versehen.<\/p>\n<p>Allrad ist nicht notwendig, zumindest im Sommer, wohl aber eine hohe Bodenfreiheit. Auf dem Weg wird der Reisende mit einmaligen Ausblicken belohnt. Der wohlsagenhafteste Blick bat sich uns vom &#8222;<a href=\"https:\/\/goo.gl\/maps\/HHmoCzXxg2f7545r8\" target=\"_blank\" rel=\"noopener\">Vjosa River Bend<\/a>&#8222;.<\/p>\n<p><img decoding=\"async\" class=\"lazyload alignnone size-large wp-image-2682\" src=\"https:\/\/www.abenteueralbanien.de\/wp-content\/uploads\/2021\/10\/Albanien-Reise_Abenteuer-Albanien_Wandern_Berge_Meer_Kultur_Kulinarik_Wein-300-1024x720.jpg\" data-orig-src=\"https:\/\/www.abenteueralbanien.de\/wp-content\/uploads\/2021\/10\/Albanien-Reise_Abenteuer-Albanien_Wandern_Berge_Meer_Kultur_Kulinarik_Wein-300-1024x720.jpg\" alt=\"H\u00fcgel am Vjosa River Bend\" width=\"1024\" height=\"720\" srcset=\"data:image\/svg+xml,%3Csvg%20xmlns%3D%27http%3A%2F%2Fwww.w3.org%2F2000%2Fsvg%27%20width%3D%271024%27%20height%3D%27720%27%20viewBox%3D%270%200%201024%20720%27%3E%3Crect%20width%3D%271024%27%20height%3D%27720%27%20fill-opacity%3D%220%22%2F%3E%3C%2Fsvg%3E\" data-srcset=\"https:\/\/www.abenteueralbanien.de\/wp-content\/uploads\/2021\/10\/Albanien-Reise_Abenteuer-Albanien_Wandern_Berge_Meer_Kultur_Kulinarik_Wein-300-200x141.jpg 200w, https:\/\/www.abenteueralbanien.de\/wp-content\/uploads\/2021\/10\/Albanien-Reise_Abenteuer-Albanien_Wandern_Berge_Meer_Kultur_Kulinarik_Wein-300-300x211.jpg 300w, https:\/\/www.abenteueralbanien.de\/wp-content\/uploads\/2021\/10\/Albanien-Reise_Abenteuer-Albanien_Wandern_Berge_Meer_Kultur_Kulinarik_Wein-300-400x281.jpg 400w, https:\/\/www.abenteueralbanien.de\/wp-content\/uploads\/2021\/10\/Albanien-Reise_Abenteuer-Albanien_Wandern_Berge_Meer_Kultur_Kulinarik_Wein-300-600x422.jpg 600w, https:\/\/www.abenteueralbanien.de\/wp-content\/uploads\/2021\/10\/Albanien-Reise_Abenteuer-Albanien_Wandern_Berge_Meer_Kultur_Kulinarik_Wein-300-768x540.jpg 768w, https:\/\/www.abenteueralbanien.de\/wp-content\/uploads\/2021\/10\/Albanien-Reise_Abenteuer-Albanien_Wandern_Berge_Meer_Kultur_Kulinarik_Wein-300-800x563.jpg 800w, https:\/\/www.abenteueralbanien.de\/wp-content\/uploads\/2021\/10\/Albanien-Reise_Abenteuer-Albanien_Wandern_Berge_Meer_Kultur_Kulinarik_Wein-300-1024x720.jpg 1024w, https:\/\/www.abenteueralbanien.de\/wp-content\/uploads\/2021\/10\/Albanien-Reise_Abenteuer-Albanien_Wandern_Berge_Meer_Kultur_Kulinarik_Wein-300-1200x844.jpg 1200w, https:\/\/www.abenteueralbanien.de\/wp-content\/uploads\/2021\/10\/Albanien-Reise_Abenteuer-Albanien_Wandern_Berge_Meer_Kultur_Kulinarik_Wein-300-1536x1080.jpg 1536w\" data-sizes=\"auto\" data-orig-sizes=\"(max-width: 1024px) 100vw, 1024px\" \/><\/p>\n<h2>Beste Reisezeit f\u00fcr Kor\u00e7a<\/h2>\n<p>Korca ist ein ganzj\u00e4hriges Reiseziel mit relativ mildem Wetter das ganze Jahr \u00fcber. Der Winter bringt kalte Nachttemperaturen und Schnee, w\u00e4hrend in den w\u00e4rmeren Monaten die Stadt mit Festivals und besonderen Veranstaltungen zum Leben erwacht.<\/p>\n<p>Wenn du in der Nebensaison durch Albanien reist, ist das eine tolle Erg\u00e4nzung deines Terminkalenders.\u00a0Im April findet in Korca ein zweiw\u00f6chiger Fr\u00fchlingsmarkt mit M\u00e4rkten und Paraden statt. Im Juni findet der Karneval statt, im Juli das Lakror-Fest (zu Ehren des Lieblingskuchens der Stadt und ihrer kulinarischen Traditionen), im August das Bierfest und im Oktober das Apfelfest.<\/p>\n<p>Wann auch immer du die Stadt besuchst, die Wahrscheinlichkeit ist gro\u00df, dass eine besondere Veranstaltung stattfindet. Weitere Details und zuk\u00fcnftige Termine findest du hier.<\/p>\n<h3>Wie viele Tage in Korca?<\/h3>\n<p>Korca ist eine relativ kleine und kompakte Stadt, die man sehr gut zu Fu\u00df erkunden kann. Um alle hier erw\u00e4hnten Attraktionen und Sehensw\u00fcrdigkeiten zu besichtigen, empfehle ich dir 2 Tage zu bleiben &#8211; du k\u00f6nntest aber auch viel l\u00e4nger bleiben. Wir haben 3 N\u00e4chte in Korca verbracht und uns nie gelangweilt. Wir haben unsere Mittagsmahlzeiten, nachmitt\u00e4glichen Trinkgelage und Abendspazierg\u00e4nge sehr genossen!<\/p>\n<h3>Was kostet Korca?<\/h3>\n<p>Wir haben Albanien ausgiebig bereist und haben die Erfahrung gemacht, dass Korca eine der g\u00fcnstigeren St\u00e4dte des Landes ist. Es gibt viel weniger ausl\u00e4ndische Touristen als in Berat oder Gjirokaster, was dazu beitr\u00e4gt, die Preise f\u00fcr Unterk\u00fcnfte niedrig zu halten. Es gibt viele g\u00fcnstige Restaurants und Bars f\u00fcr die vielen Studenten, so dass Korca auch f\u00fcr Rucksacktouristen geeignet ist.<\/p>\n<p>Unsere gr\u00f6\u00dften Kosten in Korca (abgesehen von unserem Hotel) waren die Museumstickets. Du kannst deine Kosten ganz einfach reduzieren, indem du dich an die kostenlosen Aktivit\u00e4ten h\u00e4ltst.\u00a0Unser Gesamtbudget f\u00fcr drei Tage in Korca betrug 9.945 Lek (ca. 96 EUR) f\u00fcr zwei Personen ohne Unterkunft.<\/p>\n<\/div><div style=\"text-align:center;\"><a class=\"fusion-button button-flat button-xlarge button-custom fusion-button-default button-4 fusion-button-span-yes fusion-button-default-type\" style=\"--awb-margin-top:0px;--awb-margin-right:0px;--awb-margin-bottom:20px;--awb-margin-left:0px;--button_accent_color:var(--awb-color1);--button_border_color:#ffffff;--button_accent_hover_color:var(--awb-color1);--button_border_hover_color:#ffffff;--button_border_width-top:0px;--button_border_width-right:0px;--button_border_width-bottom:0px;--button_border_width-left:0px;--button_gradient_top_color:var(--awb-color6);--button_gradient_bottom_color:var(--awb-color6);--button_gradient_top_color_hover:var(--awb-color5);--button_gradient_bottom_color_hover:var(--awb-color5);--button_text_transform:uppercase;\" target=\"_self\" href=\"https:\/\/www.booking.com\/hotel\/al\/bujtina-oxhaku.en.html?aid=8057218&amp;no_rooms=1&amp;group_adults=2\" rel=\"noopener\"><i class=\"fa-angle-double-right fas awb-button__icon awb-button__icon--default button-icon-left\" aria-hidden=\"true\"><\/i><span class=\"fusion-button-text awb-button__text awb-button__text--default\">G\u00dcNSTIGE UNTERK\u00dcNFTE IN KORCA<\/span><\/a><\/div><\/div><\/div><\/div><\/div><div class=\"fusion-fullwidth fullwidth-box fusion-builder-row-4 fusion-flex-container has-pattern-background has-mask-background nonhundred-percent-fullwidth non-hundred-percent-height-scrolling\" style=\"--awb-border-radius-top-left:0px;--awb-border-radius-top-right:0px;--awb-border-radius-bottom-right:0px;--awb-border-radius-bottom-left:0px;--awb-padding-top:50px;--awb-padding-bottom:60px;--awb-background-color:var(--awb-color1);--awb-flex-wrap:wrap;\" ><div class=\"fusion-builder-row fusion-row fusion-flex-align-items-flex-start fusion-flex-justify-content-space-evenly fusion-flex-content-wrap\" style=\"max-width:1248px;margin-left: calc(-4% \/ 2 );margin-right: calc(-4% \/ 2 );\"><div class=\"fusion-layout-column fusion_builder_column fusion-builder-column-5 fusion_builder_column_1_3 1_3 fusion-flex-column fusion-column-inner-bg-wrapper\" style=\"--awb-inner-bg-color:var(--awb-color1);--awb-inner-bg-color-hover:var(--awb-color1);--awb-inner-bg-size:cover;--awb-box-shadow:0px 10px 20px 0px rgba(0,0,0,0.5);;--awb-border-color:var(--awb-color4);--awb-border-style:solid;--awb-width-large:33.333333333333%;--awb-margin-top-large:0px;--awb-spacing-right-large:5.76%;--awb-margin-bottom-large:50px;--awb-spacing-left-large:5.76%;--awb-width-medium:100%;--awb-order-medium:0;--awb-spacing-right-medium:1.92%;--awb-spacing-left-medium:1.92%;--awb-width-small:100%;--awb-order-small:0;--awb-spacing-right-small:1.92%;--awb-spacing-left-small:1.92%;\" data-scroll-devices=\"small-visibility,medium-visibility,large-visibility\"><span class=\"fusion-column-inner-bg hover-type-none\"><a class=\"fusion-column-anchor\" href=\"https:\/\/www.abenteueralbanien.de\/wanderung-valbona-theth\/\" aria-label=\"WANDER TOUR THETH VALBONA BUCHEN\"><span class=\"fusion-column-inner-bg-image\"><\/span><\/a><\/span><div class=\"fusion-column-wrapper fusion-column-has-shadow fusion-flex-justify-content-flex-start fusion-content-layout-column\"><div class=\"fusion-image-element \" style=\"--awb-caption-title-font-family:var(--h2_typography-font-family);--awb-caption-title-font-weight:var(--h2_typography-font-weight);--awb-caption-title-font-style:var(--h2_typography-font-style);--awb-caption-title-size:var(--h2_typography-font-size);--awb-caption-title-transform:var(--h2_typography-text-transform);--awb-caption-title-line-height:var(--h2_typography-line-height);--awb-caption-title-letter-spacing:var(--h2_typography-letter-spacing);\"><span class=\" fusion-imageframe imageframe-none imageframe-3 hover-type-none\"><img decoding=\"async\" width=\"800\" height=\"599\" alt=\"Albanien Theth-Valbona Wanderung\" title=\"Albanien Theth-Valbona Wanderung\" src=\"https:\/\/www.abenteueralbanien.de\/wp-content\/uploads\/2025\/04\/Albanien-Reis_-Theth-Valbona-Koman-Wanderung.jpg\" data-orig-src=\"https:\/\/www.abenteueralbanien.de\/wp-content\/uploads\/2025\/04\/Albanien-Reis_-Theth-Valbona-Koman-Wanderung.jpg\" class=\"lazyload img-responsive wp-image-20886\" srcset=\"data:image\/svg+xml,%3Csvg%20xmlns%3D%27http%3A%2F%2Fwww.w3.org%2F2000%2Fsvg%27%20width%3D%27800%27%20height%3D%27599%27%20viewBox%3D%270%200%20800%20599%27%3E%3Crect%20width%3D%27800%27%20height%3D%27599%27%20fill-opacity%3D%220%22%2F%3E%3C%2Fsvg%3E\" data-srcset=\"https:\/\/www.abenteueralbanien.de\/wp-content\/uploads\/2025\/04\/Albanien-Reis_-Theth-Valbona-Koman-Wanderung-200x150.jpg 200w, https:\/\/www.abenteueralbanien.de\/wp-content\/uploads\/2025\/04\/Albanien-Reis_-Theth-Valbona-Koman-Wanderung-400x300.jpg 400w, https:\/\/www.abenteueralbanien.de\/wp-content\/uploads\/2025\/04\/Albanien-Reis_-Theth-Valbona-Koman-Wanderung-600x449.jpg 600w, https:\/\/www.abenteueralbanien.de\/wp-content\/uploads\/2025\/04\/Albanien-Reis_-Theth-Valbona-Koman-Wanderung.jpg 800w\" data-sizes=\"auto\" data-orig-sizes=\"(max-width: 1024px) 100vw, (max-width: 640px) 100vw, 400px\" \/><\/span><\/div><div class=\"fusion-reading-box-container reading-box-container-3\" style=\"--awb-title-color:#333333;--awb-margin-top:0px;--awb-margin-bottom:0px;\"><div class=\"reading-box\" style=\"background-color:var(--awb-color4);border-width:0px;border-color:#f6f6f6;border-top-width:3px;border-top-color:var(--primary_color);border-style:solid;\"><h3>Wanderung Valbona - Theth via Koman See (4 Tage)<\/h3><div class=\"reading-box-description fusion-reading-box-additional\">Entdecke den Koman-See, das Valbona-Tal, Theth und vieles mehr auf einer individuellen 4-t\u00e4gigen Tour ab Shkodra mit Unterk\u00fcnften, Transfers und Verpflegung in den Bergen.<\/div><div class=\"reading-box-additional\">\n<p style=\"text-align: right;\"><span style=\"color: #014877;\"><strong>\u20ac 190,00<\/strong><\/span><\/p>\n<\/div><div class=\"fusion-clearfix\"><\/div><\/div><\/div><div style=\"text-align:left;\"><a class=\"fusion-button button-flat button-xlarge button-custom fusion-button-default button-5 fusion-button-span-yes fusion-button-default-type\" style=\"--button_accent_color:var(--awb-color1);--button_border_color:var(--awb-color1);--button_accent_hover_color:#ffffff;--button_border_hover_color:#000000;--button_gradient_top_color:var(--awb-color6);--button_gradient_bottom_color:var(--awb-color6);--button_gradient_top_color_hover:var(--awb-custom11);--button_gradient_bottom_color_hover:var(--awb-custom11);\" target=\"_self\" title=\"WANDER TOUR VALBONA NACH THETH VIA KOMAN SEE (4 Tage, selbst gef\u00fchrt) buchen\" aria-label=\"WANDER TOUR VALBONA NACH THETH VIA KOMAN SEE (4 Tage, selbst gef\u00fchrt) buchen\" href=\"https:\/\/www.abenteueralbanien.de\/wanderung-valbona-theth\/\"><span class=\"fusion-button-text awb-button__text awb-button__text--default\">Hier Tour Buchen<\/span><\/a><\/div><\/div><\/div>\n<div class=\"fusion-layout-column fusion_builder_column fusion-builder-column-6 fusion_builder_column_1_3 1_3 fusion-flex-column fusion-column-inner-bg-wrapper\" style=\"--awb-inner-bg-color:var(--awb-color1);--awb-inner-bg-color-hover:var(--awb-color1);--awb-inner-bg-size:cover;--awb-box-shadow:0px 10px 20px 0px rgba(0,0,0,0.5);;--awb-border-color:var(--awb-color4);--awb-border-style:solid;--awb-width-large:33.333333333333%;--awb-margin-top-large:0px;--awb-spacing-right-large:5.76%;--awb-margin-bottom-large:50px;--awb-spacing-left-large:5.76%;--awb-width-medium:100%;--awb-order-medium:0;--awb-spacing-right-medium:1.92%;--awb-spacing-left-medium:1.92%;--awb-width-small:100%;--awb-order-small:0;--awb-spacing-right-small:1.92%;--awb-spacing-left-small:1.92%;\" data-scroll-devices=\"small-visibility,medium-visibility,large-visibility\"><span class=\"fusion-column-inner-bg hover-type-none\"><a class=\"fusion-column-anchor\" href=\"https:\/\/www.abenteueralbanien.de\/peaks-of-the-balkans-tour-gefuehrt\/\" aria-label=\"Peaks of the Balkans Tour Gef\u00fchrt 8-12 Tage Buchen\"><span class=\"fusion-column-inner-bg-image\"><\/span><\/a><\/span><div class=\"fusion-column-wrapper fusion-column-has-shadow fusion-flex-justify-content-flex-start fusion-content-layout-column\"><div class=\"fusion-image-element \" style=\"--awb-caption-title-font-family:var(--h2_typography-font-family);--awb-caption-title-font-weight:var(--h2_typography-font-weight);--awb-caption-title-font-style:var(--h2_typography-font-style);--awb-caption-title-size:var(--h2_typography-font-size);--awb-caption-title-transform:var(--h2_typography-text-transform);--awb-caption-title-line-height:var(--h2_typography-line-height);--awb-caption-title-letter-spacing:var(--h2_typography-letter-spacing);\"><span class=\" fusion-imageframe imageframe-none imageframe-4 hover-type-none\"><a class=\"fusion-no-lightbox\" href=\"https:\/\/www.abenteueralbanien.de\/peaks-of-the-balkans-tour-gefuehrt\/\" target=\"_self\" aria-label=\"Peaks of the Balkans Gef\u00fchrte Tour Gruppe am Wandern\"><img decoding=\"async\" width=\"1024\" height=\"768\" alt=\"Peaks of the Balkans Gef\u00fchrte Tour Gruppe am Wandern\" src=\"https:\/\/www.abenteueralbanien.de\/wp-content\/uploads\/2026\/02\/Peaks-of-the-Balkans-Gefuehrte-Tour-Gruppe-am-Wandern.jpg\" data-orig-src=\"https:\/\/www.abenteueralbanien.de\/wp-content\/uploads\/2026\/02\/Peaks-of-the-Balkans-Gefuehrte-Tour-Gruppe-am-Wandern.jpg\" class=\"lazyload img-responsive wp-image-22909\" srcset=\"data:image\/svg+xml,%3Csvg%20xmlns%3D%27http%3A%2F%2Fwww.w3.org%2F2000%2Fsvg%27%20width%3D%271024%27%20height%3D%27768%27%20viewBox%3D%270%200%201024%20768%27%3E%3Crect%20width%3D%271024%27%20height%3D%27768%27%20fill-opacity%3D%220%22%2F%3E%3C%2Fsvg%3E\" data-srcset=\"https:\/\/www.abenteueralbanien.de\/wp-content\/uploads\/2026\/02\/Peaks-of-the-Balkans-Gefuehrte-Tour-Gruppe-am-Wandern-200x150.jpg 200w, https:\/\/www.abenteueralbanien.de\/wp-content\/uploads\/2026\/02\/Peaks-of-the-Balkans-Gefuehrte-Tour-Gruppe-am-Wandern-400x300.jpg 400w, https:\/\/www.abenteueralbanien.de\/wp-content\/uploads\/2026\/02\/Peaks-of-the-Balkans-Gefuehrte-Tour-Gruppe-am-Wandern-600x450.jpg 600w, https:\/\/www.abenteueralbanien.de\/wp-content\/uploads\/2026\/02\/Peaks-of-the-Balkans-Gefuehrte-Tour-Gruppe-am-Wandern-800x600.jpg 800w, https:\/\/www.abenteueralbanien.de\/wp-content\/uploads\/2026\/02\/Peaks-of-the-Balkans-Gefuehrte-Tour-Gruppe-am-Wandern.jpg 1024w\" data-sizes=\"auto\" data-orig-sizes=\"(max-width: 1024px) 100vw, (max-width: 640px) 100vw, 400px\" \/><\/a><\/span><\/div><div class=\"fusion-reading-box-container reading-box-container-4\" style=\"--awb-title-color:#333333;--awb-margin-top:0px;--awb-margin-bottom:0px;\"><div class=\"reading-box\" style=\"background-color:var(--awb-color4);border-width:0px;border-color:#f6f6f6;border-top-width:3px;border-top-color:var(--primary_color);border-style:solid;\"><h3>Peaks of the Balkans Tour Gef\u00fchrt  (8 bis 12 Tage)<\/h3><div class=\"reading-box-description fusion-reading-box-additional\">Ein absolutes Highlight mit atemberaubenden Panoramablicken \u00fcber Albanien, Montenegro und den Kosovo.<\/div><div class=\"reading-box-additional\">\n<p style=\"text-align: right;\"><span style=\"color: #014877;\"><strong>ab \u20ac 1045,00<\/strong><\/span><\/p>\n<\/div><div class=\"fusion-clearfix\"><\/div><\/div><\/div><div style=\"text-align:left;\"><a class=\"fusion-button button-flat button-xlarge button-custom fusion-button-default button-6 fusion-button-span-yes fusion-button-default-type\" style=\"--button_accent_color:var(--awb-color1);--button_border_color:var(--awb-color1);--button_accent_hover_color:#ffffff;--button_border_hover_color:#000000;--button_gradient_top_color:var(--awb-color6);--button_gradient_bottom_color:var(--awb-color6);--button_gradient_top_color_hover:var(--awb-custom11);--button_gradient_bottom_color_hover:var(--awb-custom11);\" target=\"_self\" title=\"Peaks of the Balkans Tour Gef\u00fchrt\" aria-label=\"Peaks of the Balkans Tour Gef\u00fchrt\" href=\"https:\/\/www.abenteueralbanien.de\/peaks-of-the-balkans-tour-gefuehrt\/\"><span class=\"fusion-button-text awb-button__text awb-button__text--default\">Hier geht\u2019s zur Tour<\/span><\/a><\/div><\/div><\/div>\n<div class=\"fusion-layout-column fusion_builder_column fusion-builder-column-7 fusion_builder_column_1_3 1_3 fusion-flex-column fusion-column-inner-bg-wrapper\" style=\"--awb-inner-bg-color:var(--awb-color1);--awb-inner-bg-color-hover:var(--awb-color1);--awb-inner-bg-size:cover;--awb-box-shadow:0px 10px 20px 0px rgba(0,0,0,0.5);;--awb-border-color:var(--awb-color4);--awb-border-style:solid;--awb-width-large:33.333333333333%;--awb-margin-top-large:0px;--awb-spacing-right-large:5.76%;--awb-margin-bottom-large:50px;--awb-spacing-left-large:5.76%;--awb-width-medium:100%;--awb-order-medium:0;--awb-spacing-right-medium:1.92%;--awb-spacing-left-medium:1.92%;--awb-width-small:100%;--awb-order-small:0;--awb-spacing-right-small:1.92%;--awb-spacing-left-small:1.92%;\" data-scroll-devices=\"small-visibility,medium-visibility,large-visibility\"><span class=\"fusion-column-inner-bg hover-type-none\"><a class=\"fusion-column-anchor\" href=\"https:\/\/www.abenteueralbanien.de\/rundreisen-albanien\/suedalbanien-entlang-der-riviera-erkunden\/\" aria-label=\"S\u00dcDALBANIEN ENTLANG DER RIVIERA ERKUNDEN TOUR\"><span class=\"fusion-column-inner-bg-image\"><\/span><\/a><\/span><div class=\"fusion-column-wrapper fusion-column-has-shadow fusion-flex-justify-content-flex-start fusion-content-layout-column\"><div class=\"fusion-image-element \" style=\"text-align:center;--awb-margin-top:0px;--awb-margin-right:0px;--awb-margin-bottom:0px;--awb-margin-left:0px;--awb-caption-title-font-family:var(--h2_typography-font-family);--awb-caption-title-font-weight:var(--h2_typography-font-weight);--awb-caption-title-font-style:var(--h2_typography-font-style);--awb-caption-title-size:var(--h2_typography-font-size);--awb-caption-title-transform:var(--h2_typography-text-transform);--awb-caption-title-line-height:var(--h2_typography-line-height);--awb-caption-title-letter-spacing:var(--h2_typography-letter-spacing);\"><span class=\" fusion-imageframe imageframe-none imageframe-5 hover-type-none\"><img decoding=\"async\" width=\"800\" height=\"600\" alt=\"Altes albanisches Stadtbild in Gjirokast\u00ebr, mit traditionellen wei\u00dfen H\u00e4usern und steinernen Fassaden\" title=\"S\u00fcdalbanien Natur Kultur Tour\" src=\"https:\/\/www.abenteueralbanien.de\/wp-content\/uploads\/2025\/04\/Suedalbanien-Natur-Kultur-Tour.jpg\" data-orig-src=\"https:\/\/www.abenteueralbanien.de\/wp-content\/uploads\/2025\/04\/Suedalbanien-Natur-Kultur-Tour.jpg\" class=\"lazyload img-responsive wp-image-20896\" srcset=\"data:image\/svg+xml,%3Csvg%20xmlns%3D%27http%3A%2F%2Fwww.w3.org%2F2000%2Fsvg%27%20width%3D%27800%27%20height%3D%27600%27%20viewBox%3D%270%200%20800%20600%27%3E%3Crect%20width%3D%27800%27%20height%3D%27600%27%20fill-opacity%3D%220%22%2F%3E%3C%2Fsvg%3E\" data-srcset=\"https:\/\/www.abenteueralbanien.de\/wp-content\/uploads\/2025\/04\/Suedalbanien-Natur-Kultur-Tour-200x150.jpg 200w, https:\/\/www.abenteueralbanien.de\/wp-content\/uploads\/2025\/04\/Suedalbanien-Natur-Kultur-Tour-400x300.jpg 400w, https:\/\/www.abenteueralbanien.de\/wp-content\/uploads\/2025\/04\/Suedalbanien-Natur-Kultur-Tour-600x450.jpg 600w, https:\/\/www.abenteueralbanien.de\/wp-content\/uploads\/2025\/04\/Suedalbanien-Natur-Kultur-Tour.jpg 800w\" data-sizes=\"auto\" data-orig-sizes=\"(max-width: 1024px) 100vw, (max-width: 640px) 100vw, 400px\" \/><\/span><\/div><div class=\"fusion-reading-box-container reading-box-container-5\" style=\"--awb-title-color:#333333;--awb-margin-top:0px;--awb-margin-bottom:0px;\"><div class=\"reading-box\" style=\"background-color:var(--awb-color4);border-width:0px;border-color:#f6f6f6;border-top-width:3px;border-top-color:var(--primary_color);border-style:solid;\"><h3>S\u00fcdalbanien entlang der Riviera erkunden (10 Tage)<\/h3><div class=\"reading-box-description fusion-reading-box-additional\">Die kulturellen und kulinarischen Highlights einer der letzten unber\u00fchrten Gegenden Europas entdecken.\n<\/div><div class=\"reading-box-additional\">\n<p style=\"text-align: right;\"><span style=\"color: #014877;\"><strong>ab \u20ac 1790,00<\/strong><\/span><\/p>\n<\/div><div class=\"fusion-clearfix\"><\/div><\/div><\/div><div style=\"text-align:left;\"><a class=\"fusion-button button-flat button-xlarge button-custom fusion-button-default button-7 fusion-button-span-yes fusion-button-default-type\" style=\"--button_accent_color:var(--awb-color1);--button_border_color:var(--awb-color1);--button_accent_hover_color:#ffffff;--button_border_hover_color:#000000;--button_gradient_top_color:var(--awb-color6);--button_gradient_bottom_color:var(--awb-color6);--button_gradient_top_color_hover:var(--awb-custom11);--button_gradient_bottom_color_hover:var(--awb-custom11);\" target=\"_self\" title=\"S\u00dcDALBANIEN ENTLANG DER RIVIERA ERKUNDEN TOUR\" aria-label=\"S\u00dcDALBANIEN ENTLANG DER RIVIERA ERKUNDEN TOUR\" href=\"https:\/\/www.abenteueralbanien.de\/rundreisen-albanien\/suedalbanien-entlang-der-riviera-erkunden\/\"><span class=\"fusion-button-text awb-button__text awb-button__text--default\">Hier geht\u2019s zur Tour<\/span><\/a><\/div><\/div><\/div>\n<\/div><\/div><div class=\"fusion-fullwidth fullwidth-box fusion-builder-row-5 fusion-flex-container has-pattern-background has-mask-background nonhundred-percent-fullwidth non-hundred-percent-height-scrolling\" style=\"--awb-border-radius-top-left:0px;--awb-border-radius-top-right:0px;--awb-border-radius-bottom-right:0px;--awb-border-radius-bottom-left:0px;--awb-flex-wrap:wrap;\" ><div class=\"fusion-builder-row fusion-row fusion-flex-align-items-flex-start fusion-flex-content-wrap\" style=\"max-width:1248px;margin-left: calc(-4% \/ 2 );margin-right: calc(-4% \/ 2 );\"><div class=\"fusion-layout-column fusion_builder_column fusion-builder-column-8 fusion_builder_column_1_1 1_1 fusion-flex-column\" style=\"--awb-bg-size:cover;--awb-width-large:100%;--awb-margin-top-large:0px;--awb-spacing-right-large:1.92%;--awb-margin-bottom-large:20px;--awb-spacing-left-large:1.92%;--awb-width-medium:100%;--awb-order-medium:0;--awb-spacing-right-medium:1.92%;--awb-spacing-left-medium:1.92%;--awb-width-small:100%;--awb-order-small:0;--awb-spacing-right-small:1.92%;--awb-spacing-left-small:1.92%;\"><div class=\"fusion-column-wrapper fusion-column-has-shadow fusion-flex-justify-content-flex-start fusion-content-layout-column\"><div class=\"fusion-text fusion-text-4\"><h3>Wo liegt Korca?<\/h3>\n<p>Die Stadt Korca (Kor\u00e7\u00eb\/Kor\u00e7a) liegt abseits der typischen Touristenpfade im S\u00fcdosten Albaniens, nahe der griechischen Grenze. Mit ihrem ganz besonderen Charakter und ihrer Atmosph\u00e4re unterscheidet sie sich stark von den meisten anderen <a href=\"https:\/\/www.abenteueralbanien.de\/staedte-albanien\/\">Orten in Albanien<\/a>.\u00a0Die unglaublichen Museen, der restaurierte Alte Basar und die wundersch\u00f6ne historische Architektur machen Korca zu einer meiner Lieblingsst\u00e4dte in der Region.<\/p>\n<h3>Wann ist die beste Zeit f\u00fcr eine Reise nach Korca?<\/h3>\n<p>Eine der beliebtesten Zeiten f\u00fcr einen Besuch in Korca ist der Winter. Das <a href=\"https:\/\/www.facebook.com\/SkiPistaBigell\/wall\/\" target=\"_blank\" rel=\"noopener\">Bigell Ski Resort<\/a> liegt etwas au\u00dferhalb der Stadt und viele Touristen str\u00f6men hierher, um den Schnee zu sehen und an den ber\u00fchmten Weihnachtsm\u00e4rkten der Stadt teilzunehmen.<\/p>\n<p>Im Fr\u00fchling und Sommer finden zahlreiche Festivals statt. Im April veranstaltet Korca eine zweiw\u00f6chige Fr\u00fchlingsmesse mit M\u00e4rkten und Paraden im Freien, im Juni findet der <b>Karneval<\/b> statt, im Juli das <b>Lakror Fest<\/b> (zur Feier des beliebtesten Kuchens der Stadt und ihrer kulinarischen Traditionen), im August das <b>Bierfest.<\/b><\/p>\n    <section class=\"sc_fs_faq sc_card \">\n        <div>\n\t\t\t<h3>IST ALBANIEN SICHER?<\/h3>            <div>\n\t\t\t\t                <p>\n\t\t\t\t\t Es gibt einige sehr verzerrte Klischees \u00fcber Albanien, von denen die meisten nicht der Wahrheit entsprechen. In Wirklichkeit ist ganz Albanien (und vor allem kleinere St\u00e4dte wie Korca) f\u00fcr Touristen im Allgemeinen sehr sicher &#8211; vorausgesetzt, du l\u00e4sst deinen gesunden Menschenverstand walten und bist vorsichtig. Es gibt zwar Kriminalit\u00e4t und Taschendiebstahl, aber Touristen werden sehr regelm\u00e4\u00dfig zur Zielscheibe. Ich habe die Erfahrung gemacht, dass die Albaner sehr warmherzig und gastfreundlich sind und gerne helfen, wo sie nur k\u00f6nnen.                 <\/p>\n            <\/div>\n        <\/div>\n    <\/section>\n\n<script type=\"application\/ld+json\">\n    {\n\t\t\"@context\": \"https:\/\/schema.org\",\n\t\t\"@type\": \"FAQPage\",\n\t\t\"mainEntity\": [\n\t\t\t{\n\t\t\t\t\"@type\": \"Question\",\n\t\t\t\t\"name\": \"IST ALBANIEN SICHER?\",\n\t\t\t\t\"acceptedAnswer\": {\n\t\t\t\t\t\"@type\": \"Answer\",\n\t\t\t\t\t\"text\": \"Es gibt einige sehr verzerrte Klischees \u00fcber Albanien, von denen die meisten nicht der Wahrheit entsprechen. In Wirklichkeit ist ganz Albanien (und vor allem kleinere St\u00e4dte wie Korca) f\u00fcr Touristen im Allgemeinen sehr sicher &#8211; vorausgesetzt, du l\u00e4sst deinen gesunden Menschenverstand walten und bist vorsichtig. Es gibt zwar Kriminalit\u00e4t und Taschendiebstahl, aber Touristen werden sehr regelm\u00e4\u00dfig zur Zielscheibe. Ich habe die Erfahrung gemacht, dass die Albaner sehr warmherzig und gastfreundlich sind und gerne helfen, wo sie nur k\u00f6nnen.\"\n\t                                }\n          }\n        ]\n    }\n<\/script>\n\n<p data-fontsize=\"28\" data-lineheight=\"33.6px\"><strong>Weitere Albanien Reise Blogs:<\/strong><\/p>\n<ul>\n<li class=\"entry-title fusion-post-title fusion-responsive-typography-calculated\" data-fontsize=\"20\" data-lineheight=\"30px\"><a href=\"https:\/\/www.abenteueralbanien.de\/wo-uebernachten-in-korca\/\">Wo \u00fcbernachten in Korca \u2013 Die 6 besten Unterk\u00fcnfte<\/a><\/li>\n<li class=\"entry-title fusion-post-title fusion-responsive-typography-calculated\" data-fontsize=\"18\" data-lineheight=\"27px\"><a href=\"https:\/\/www.abenteueralbanien.de\/pogradec-sehenswuerdigkeiten\/\" data-modified-href=\"https:\/\/www.abenteueralbanien.de\/pogradec-sehenswuerdigkeiten\">Die 10 besten Sehensw\u00fcrdigkeiten in Pogradec am Ohridsee<\/a><\/li>\n<li class=\"entry-title fusion-post-title fusion-responsive-typography-calculated\" data-fontsize=\"18\" data-lineheight=\"27px\"><a href=\"https:\/\/www.abenteueralbanien.de\/ohridsee\/\" data-modified-href=\"https:\/\/www.abenteueralbanien.de\/ohridsee\">Der Ohrid See in Albanien und Mazedonien<\/a><\/li>\n<\/ul>\n<\/div><\/div><\/div><\/div><\/div>\n","protected":false},"excerpt":{"rendered":"","protected":false},"author":1,"featured_media":20745,"comment_status":"open","ping_status":"closed","sticky":false,"template":"","format":"standard","meta":{"footnotes":""},"categories":[456],"tags":[],"class_list":["post-5589","post","type-post","status-publish","format-standard","has-post-thumbnail","hentry","category-albanien-reisetipps"],"_links":{"self":[{"href":"https:\/\/www.abenteueralbanien.de\/nl\/wp-json\/wp\/v2\/posts\/5589","targetHints":{"allow":["GET"]}}],"collection":[{"href":"https:\/\/www.abenteueralbanien.de\/nl\/wp-json\/wp\/v2\/posts"}],"about":[{"href":"https:\/\/www.abenteueralbanien.de\/nl\/wp-json\/wp\/v2\/types\/post"}],"author":[{"embeddable":true,"href":"https:\/\/www.abenteueralbanien.de\/nl\/wp-json\/wp\/v2\/users\/1"}],"replies":[{"embeddable":true,"href":"https:\/\/www.abenteueralbanien.de\/nl\/wp-json\/wp\/v2\/comments?post=5589"}],"version-history":[{"count":5,"href":"https:\/\/www.abenteueralbanien.de\/nl\/wp-json\/wp\/v2\/posts\/5589\/revisions"}],"predecessor-version":[{"id":24363,"href":"https:\/\/www.abenteueralbanien.de\/nl\/wp-json\/wp\/v2\/posts\/5589\/revisions\/24363"}],"wp:featuredmedia":[{"embeddable":true,"href":"https:\/\/www.abenteueralbanien.de\/nl\/wp-json\/wp\/v2\/media\/20745"}],"wp:attachment":[{"href":"https:\/\/www.abenteueralbanien.de\/nl\/wp-json\/wp\/v2\/media?parent=5589"}],"wp:term":[{"taxonomy":"category","embeddable":true,"href":"https:\/\/www.abenteueralbanien.de\/nl\/wp-json\/wp\/v2\/categories?post=5589"},{"taxonomy":"post_tag","embeddable":true,"href":"https:\/\/www.abenteueralbanien.de\/nl\/wp-json\/wp\/v2\/tags?post=5589"}],"curies":[{"name":"wp","href":"https:\/\/api.w.org\/{rel}","templated":true}]}}