{"id":11610,"date":"2024-01-23T14:42:25","date_gmt":"2024-01-23T13:42:25","guid":{"rendered":"https:\/\/www.abenteueralbanien.de\/?p=11610"},"modified":"2026-02-20T12:34:07","modified_gmt":"2026-02-20T11:34:07","slug":"plav-montenegro","status":"publish","type":"post","link":"https:\/\/www.abenteueralbanien.de\/nl\/plav-montenegro\/","title":{"rendered":"Plav Montenegro: reistips &amp; activiteiten"},"content":{"rendered":"<div class=\"fusion-fullwidth fullwidth-box fusion-builder-row-1 fusion-flex-container nonhundred-percent-fullwidth non-hundred-percent-height-scrolling\" style=\"--awb-border-radius-top-left:0px;--awb-border-radius-top-right:0px;--awb-border-radius-bottom-right:0px;--awb-border-radius-bottom-left:0px;--awb-flex-wrap:wrap;\" ><div class=\"fusion-builder-row fusion-row fusion-flex-align-items-flex-start fusion-flex-content-wrap\" style=\"max-width:1248px;margin-left: calc(-4% \/ 2 );margin-right: calc(-4% \/ 2 );\"><div class=\"fusion-layout-column fusion_builder_column fusion-builder-column-0 fusion_builder_column_1_1 1_1 fusion-flex-column\" style=\"--awb-bg-size:cover;--awb-width-large:100%;--awb-margin-top-large:0px;--awb-spacing-right-large:1.92%;--awb-margin-bottom-large:0px;--awb-spacing-left-large:1.92%;--awb-width-medium:100%;--awb-spacing-right-medium:1.92%;--awb-spacing-left-medium:1.92%;--awb-width-small:100%;--awb-spacing-right-small:1.92%;--awb-spacing-left-small:1.92%;\"><div class=\"fusion-column-wrapper fusion-flex-justify-content-flex-start fusion-content-layout-column\"><nav class=\"fusion-breadcrumbs fusion-breadcrumbs-1\" style=\"--awb-breadcrumb-sep:&#039;&gt;&#039;;\" aria-label=\"Breadcrumb\"><ol class=\"awb-breadcrumb-list\"><li class=\"fusion-breadcrumb-item awb-breadcrumb-sep awb-home\" ><a href=\"https:\/\/www.abenteueralbanien.de\/nl\" class=\"fusion-breadcrumb-link\"><span >Home<\/span><\/a><\/li><\/ol><\/nav><div class=\"fusion-text fusion-text-1\"><h1>Reisetipps &amp; Aktivit\u00e4ten in Plav Montenegro<\/h1>\n<p>Im <strong>nord\u00f6stlichen Teil Montenegros<\/strong>, versteckt am Fu\u00dfe des <a href=\"https:\/\/www.abenteueralbanien.de\/prokletije-nationalpark\/\">Prokletije Gebirges<\/a>, an der Stelle, wo der Fluss Lim in den See m\u00fcndet, liegt die sch\u00f6ne Stadt Plav. Die st\u00e4dtische Siedlung liegt 1065 Meter \u00fcber dem Meeresspiegel und hat etwa <strong>3.500 Einwohner<\/strong>.<\/p>\n<p><img decoding=\"async\" class=\"lazyload alignnone wp-image-11614 size-large\" src=\"https:\/\/www.abenteueralbanien.de\/wp-content\/uploads\/2024\/01\/Plav-Montenegro_iStock-1286268396-1024x683.webp\" data-orig-src=\"https:\/\/www.abenteueralbanien.de\/wp-content\/uploads\/2024\/01\/Plav-Montenegro_iStock-1286268396-1024x683.webp\" alt=\"Blick auf Plav Montenegro\" width=\"1024\" height=\"683\" srcset=\"data:image\/svg+xml,%3Csvg%20xmlns%3D%27http%3A%2F%2Fwww.w3.org%2F2000%2Fsvg%27%20width%3D%271024%27%20height%3D%27683%27%20viewBox%3D%270%200%201024%20683%27%3E%3Crect%20width%3D%271024%27%20height%3D%27683%27%20fill-opacity%3D%220%22%2F%3E%3C%2Fsvg%3E\" data-srcset=\"https:\/\/www.abenteueralbanien.de\/wp-content\/uploads\/2024\/01\/Plav-Montenegro_iStock-1286268396-200x133.webp 200w, https:\/\/www.abenteueralbanien.de\/wp-content\/uploads\/2024\/01\/Plav-Montenegro_iStock-1286268396-300x200.webp 300w, https:\/\/www.abenteueralbanien.de\/wp-content\/uploads\/2024\/01\/Plav-Montenegro_iStock-1286268396-400x267.webp 400w, https:\/\/www.abenteueralbanien.de\/wp-content\/uploads\/2024\/01\/Plav-Montenegro_iStock-1286268396-600x400.webp 600w, https:\/\/www.abenteueralbanien.de\/wp-content\/uploads\/2024\/01\/Plav-Montenegro_iStock-1286268396-768x512.webp 768w, https:\/\/www.abenteueralbanien.de\/wp-content\/uploads\/2024\/01\/Plav-Montenegro_iStock-1286268396-800x533.webp 800w, https:\/\/www.abenteueralbanien.de\/wp-content\/uploads\/2024\/01\/Plav-Montenegro_iStock-1286268396-jpg.webp 1024w\" data-sizes=\"auto\" data-orig-sizes=\"(max-width: 1024px) 100vw, 1024px\" \/><\/p>\n<p>Aufgrund seiner <strong>wunderbaren Naturlage<\/strong>, der endlosen Grasfl\u00e4chen und der ph\u00e4nomenalen Aussicht auf die Berge, die ihn umgeben, gilt Plav als <strong>einer der sch\u00f6nsten Orte Montenegros<\/strong>.<\/p>\n<p>Viele Menschen beschreiben den <strong>Plav-See<\/strong> als einen wahren Schatz f\u00fcr alle, die ihre Zeit gerne in einer friedlichen Stadt oder einem Dorf verbringen, das von wundersch\u00f6ner Natur umgeben ist und weit weg vom allt\u00e4glichen Stadtleben und Verkehrsstaus liegt.<\/p>\n<h2>Plav Montenegro &#8211; Geschichte &amp; Vergangenheit der Stadt<\/h2>\n<p>Die Stadt und der See Plav waren schon in der Eisenzeit bewohnt, wie die Zeichnungen im H\u00f6hlenberg bei <strong>Gusinje<\/strong>, genannt &#8222;Vezirova brada&#8220;, zeigen. Diese Zeichnungen beweisen, dass dort tats\u00e4chlich schon <strong>vor mehr als 2000 Jahren Menschen gelebt haben<\/strong>.<\/p>\n<p>Die fr\u00fchesten Dokumente \u00fcber die Stadt und den See Plav deuten darauf hin, dass sich der Name &#8222;Plav&#8220; auf das gesamte Gebiet des Gusinje-Beckens bezog. Es wird angenommen, dass Plav seinen Namen vom r\u00f6mischen Kaiser Phlavius erhielt, als die Region unter r\u00f6mischer Herrschaft stand.<\/p>\n<p>Die Menschen, die in den fr\u00fchesten Tagen im Gusinje-Tal lebten, waren <strong>R\u00f6mer und Griechen<\/strong>. Als die <strong>Slawen im sp\u00e4ten VI. Jahrhundert<\/strong> in die Gegend kamen, war das Plav Gusinje-Becken haupts\u00e4chlich von <strong>R\u00f6mern und Illyrern<\/strong> bewohnt. Nach der Einwanderung der Slawen wurde dieses Gebiet zu einem Ort, der haupts\u00e4chlich von Slawen und Illyrern bewohnt wurde.<\/p>\n<h3>Vom Mittelalter bis heute<\/h3>\n<p>Im Mittelalter gab es die Stadt Plav mit ihren kulturellen Einrichtungen und Pl\u00e4tzen, wie wir sie heute kennen, noch nicht. Im Jahr 1619 wurde die Stadt Plav schlie\u00dflich von den <strong>Osmanen<\/strong> gegr\u00fcndet, die die gesamte Balkanhalbinsel bis ins fr\u00fche 20. Jahrhundert hinein regierten.<\/p>\n<p>Im 15. Jahrhundert waren die Menschen in dieser Gegend dank fortschrittlicher Landwirtschaft sehr wohlhabend. Die Stadt war auch eine Zeit lang das <strong>Transit- und Handelszentrum<\/strong> des Landes. Sie war voll von H\u00e4ndlern, die aus ganz Europa nach Plav reisten.<\/p>\n<p>Im 16. Jahrhundert war Plav Montenegro ein <strong>Zwischenstopp f\u00fcr venezianische Kaufleute<\/strong>, die von <a href=\"https:\/\/www.abenteueralbanien.de\/kotor-montenegro\/\">Kotor<\/a> nach Konstantinopel reisten. Bis ins 19. Jahrhundert war Plav ein sehr beliebter Wohnort.\u00a0Nach dem ber\u00fchmten Balkankrieg im Jahr 1912 besiegten die Montenegriner die T\u00fcrken und Plav wurde ein Teil des K\u00f6nigreichs Montenegro. Im Jahr 1941 befand sich die Stadt in der italienischen Besatzungszone, aber dann kamen die Partisanen und befreiten die Stadt im Jahr 1944. Heute ist Plav eine sehr wichtige Kulturstadt im Norden Montenegros.<\/p>\n<h2>Plav &#8211; Sehenw\u00fcrdigkeiten &amp; Aktivit\u00e4ten<\/h2>\n<div id=\"attachment_11615\" style=\"width: 1034px\" class=\"wp-caption alignnone\"><img decoding=\"async\" aria-describedby=\"caption-attachment-11615\" class=\"lazyload wp-image-11615 size-large\" src=\"https:\/\/www.abenteueralbanien.de\/wp-content\/uploads\/2024\/01\/Plav-See-Montenegro_iStock-1195108064-1024x683.webp\" data-orig-src=\"https:\/\/www.abenteueralbanien.de\/wp-content\/uploads\/2024\/01\/Plav-See-Montenegro_iStock-1195108064-1024x683.webp\" alt=\"Plav See Montenegro\" width=\"1024\" height=\"683\" srcset=\"data:image\/svg+xml,%3Csvg%20xmlns%3D%27http%3A%2F%2Fwww.w3.org%2F2000%2Fsvg%27%20width%3D%271024%27%20height%3D%27683%27%20viewBox%3D%270%200%201024%20683%27%3E%3Crect%20width%3D%271024%27%20height%3D%27683%27%20fill-opacity%3D%220%22%2F%3E%3C%2Fsvg%3E\" data-srcset=\"https:\/\/www.abenteueralbanien.de\/wp-content\/uploads\/2024\/01\/Plav-See-Montenegro_iStock-1195108064-200x133.webp 200w, https:\/\/www.abenteueralbanien.de\/wp-content\/uploads\/2024\/01\/Plav-See-Montenegro_iStock-1195108064-300x200.webp 300w, https:\/\/www.abenteueralbanien.de\/wp-content\/uploads\/2024\/01\/Plav-See-Montenegro_iStock-1195108064-400x267.webp 400w, https:\/\/www.abenteueralbanien.de\/wp-content\/uploads\/2024\/01\/Plav-See-Montenegro_iStock-1195108064-600x400.webp 600w, https:\/\/www.abenteueralbanien.de\/wp-content\/uploads\/2024\/01\/Plav-See-Montenegro_iStock-1195108064-768x512.webp 768w, https:\/\/www.abenteueralbanien.de\/wp-content\/uploads\/2024\/01\/Plav-See-Montenegro_iStock-1195108064-800x533.webp 800w, https:\/\/www.abenteueralbanien.de\/wp-content\/uploads\/2024\/01\/Plav-See-Montenegro_iStock-1195108064-jpg.webp 1024w\" data-sizes=\"auto\" data-orig-sizes=\"(max-width: 1024px) 100vw, 1024px\" \/><p id=\"caption-attachment-11615\" class=\"wp-caption-text\">Plav See Montenegro<\/p><\/div>\n<p>Wenn es um die Natur von Plav Montenegro geht, denkt man zuerst an den <strong>Plav-See<\/strong>, das m\u00e4rchenhafte Gr\u00fcn am Fu\u00dfe des Prokletije Gebirges, die sch\u00f6nen W\u00e4lder und die vielen Pflanzen- und Tierarten.<\/p>\n<p>Da sich der <a href=\"https:\/\/www.abenteueralbanien.de\/prokletije-nationalpark\/\">Nationalpark Prokletije<\/a> \u00fcber das Becken des Plav Gusinje erstreckt, gibt es hier Laub- und Nadelw\u00e4lder, Weiden, Wiesen und kriminogene \u00d6kosysteme. Die W\u00e4lder sind eine der wichtigsten nat\u00fcrlichen Ressourcen. Eine der wichtigsten Naturattraktionen, die einen Besuch wert sind, ist sicherlich der ber\u00fchmte Plav-See.<\/p>\n<h3>Der Plav-See &#8211; eine Perle Montenegros<\/h3>\n<p>Der Plav-See liegt zwischen dem Berg Prokletije und dem Gipfel des Visitor, 906 Meter \u00fcber dem Meeresspiegel. Dieser See ist einer der Hauptgr\u00fcnde, warum viele Menschen in diese Gegend kommen. Der Plav-See ist 9 Meter tief, 920 Meter breit und 2160 Meter lang.<\/p>\n<p>Der <strong>Fluss Lim<\/strong> flie\u00dft aus dem See heraus, w\u00e4hrend der <strong>Fluss Lu\u010da<\/strong> hineinflie\u00dft. Er ist eine der besten Touristenattraktionen, nicht nur in Plav, sondern auch in ganz Montenegro. Der gesamte See erneuert sich dank des schnellen Zuflusses von S\u00fc\u00dfwasser des Flusses etwa 82 Mal im Jahr.\u00a0Die Ufer des Plav-Sees sind von sch\u00f6nen Wiesen und gr\u00fcnen Str\u00e4uchern umgeben, was dem See ein ziemlich wildes und authentisches Aussehen verleiht.<\/p>\n<p>Die Fauna des Plav-Sees ist reich an verschiedenen Fischarten wie Donaulachs, Forelle, Hecht, D\u00f6bel, Barbe und Karpfen, Huchen (mladica), Rotauge (crvenperka), \u00c4sche (lipljen), Chondrostoma nasus (skobalj) und anderen.\u00a0Der Plav-See gilt als das Zentrum des \u00d6kotourismus im Land. Er ist ideal zum Schwimmen im Sommer, Segeln, Tauchen und Rudern. In diesen Wassersportarten finden das ganze Jahr \u00fcber zahlreiche Wettbewerbe statt.<\/p>\n<h3>Wandern im Prokletije<\/h3>\n<p>Da Plav in der N\u00e4he des Gebirges Prokletije liegt, steht ein Besuch des Nationalparks Prokletije ganz oben auf der Liste der Dinge, die man in Pav Montenegro unternehmen kann. Mit mehr als 16.630 Hektar ist er der <strong>f\u00fcnftgr\u00f6\u00dfte Nationalpark in Montenegro<\/strong>, zu dem auch die beiden <strong>Naturschutzgebiete Volusnica und Hrid See<\/strong> geh\u00f6ren.<\/p>\n<p>F\u00fcr alle, die die Natur und das Abenteuer lieben, ist ein Ausflug in den <a href=\"https:\/\/www.abenteueralbanien.de\/prokletije-nationalpark\/\">Prokletije-Nationalpark<\/a> ein Muss. Dieser atemberaubende Park beherbergt einige der schroffsten und malerischsten Landschaften Montenegros, darunter hoch aufragende Gipfel und tiefe Schluchten. Der Park ist das ganze Jahr \u00fcber ge\u00f6ffnet und es gibt viele Wanderwege und Outdoor-Aktivit\u00e4ten, die du genie\u00dfen kannst.<\/p>\n<p><img decoding=\"async\" class=\"lazyload alignnone wp-image-13181 size-full\" src=\"https:\/\/www.abenteueralbanien.de\/wp-content\/uploads\/2024\/02\/Peaks-of-the-Balkans-Route-Etappen-Permits.webp\" data-orig-src=\"https:\/\/www.abenteueralbanien.de\/wp-content\/uploads\/2024\/02\/Peaks-of-the-Balkans-Route-Etappen-Permits.webp\" alt=\"Peaks of the Balkans Route Etappen Permits\" width=\"1024\" height=\"227\" srcset=\"data:image\/svg+xml,%3Csvg%20xmlns%3D%27http%3A%2F%2Fwww.w3.org%2F2000%2Fsvg%27%20width%3D%271024%27%20height%3D%27227%27%20viewBox%3D%270%200%201024%20227%27%3E%3Crect%20width%3D%271024%27%20height%3D%27227%27%20fill-opacity%3D%220%22%2F%3E%3C%2Fsvg%3E\" data-srcset=\"https:\/\/www.abenteueralbanien.de\/wp-content\/uploads\/2024\/02\/Peaks-of-the-Balkans-Route-Etappen-Permits-200x44.webp 200w, https:\/\/www.abenteueralbanien.de\/wp-content\/uploads\/2024\/02\/Peaks-of-the-Balkans-Route-Etappen-Permits-300x66.webp 300w, https:\/\/www.abenteueralbanien.de\/wp-content\/uploads\/2024\/02\/Peaks-of-the-Balkans-Route-Etappen-Permits-400x89.webp 400w, https:\/\/www.abenteueralbanien.de\/wp-content\/uploads\/2024\/02\/Peaks-of-the-Balkans-Route-Etappen-Permits-600x133.webp 600w, https:\/\/www.abenteueralbanien.de\/wp-content\/uploads\/2024\/02\/Peaks-of-the-Balkans-Route-Etappen-Permits-768x170.webp 768w, https:\/\/www.abenteueralbanien.de\/wp-content\/uploads\/2024\/02\/Peaks-of-the-Balkans-Route-Etappen-Permits-800x177.webp 800w, https:\/\/www.abenteueralbanien.de\/wp-content\/uploads\/2024\/02\/Peaks-of-the-Balkans-Route-Etappen-Permits.webp 1024w\" data-sizes=\"auto\" data-orig-sizes=\"(max-width: 1024px) 100vw, 1024px\" \/><\/p>\n<p>Der <a href=\"https:\/\/www.abenteueralbanien.de\/peaks-of-the-balkans-5-6-10-tage\/\">Peaks of the Balkans Wanderweg<\/a> ist insgesamt 192 km lang und f\u00fchrt durch drei L\u00e4nder: Albanien, Montenegro und den Kosovo. Er ist einer der besten und sch\u00f6nsten Wanderwege in Europa und f\u00fchrt durch die unber\u00fchrten und wilden Gebiete des Prokletije-Gebirges. Der Pfad steigt auf \u00fcber 2.300 Meter \u00fcber dem Meeresspiegel an und f\u00fchrt zu den sch\u00f6nsten D\u00f6rfern, T\u00e4lern und Seen der Gegend.<\/p>\n<h3>Ali Pasha Quellen<\/h3>\n<p>F\u00fcr alle, die gerne wandern und die freie Natur erkunden, ist ein Besuch der <a href=\"https:\/\/maps.app.goo.gl\/dzAMnV7qemFFsdKM6\" target=\"_blank\" rel=\"noopener\">Ali Pasha&#8217;s Springs<\/a> ein Muss. Dieses Naturwunder liegt etwas au\u00dferhalb von Plav und bietet eine malerische Umgebung, die sich perfekt f\u00fcr eine Tageswanderung eignet. Der Weg ist gut markiert und f\u00fchrt dich durch dichte W\u00e4lder und vorbei an rauschenden B\u00e4chen, bis du die Quellen erreichst. Das Beste daran? Dem Wasser wird eine heilende Wirkung nachgesagt, so dass du diesen Ort unbedingt besuchen solltest.<\/p>\n<div id=\"attachment_11620\" style=\"width: 1034px\" class=\"wp-caption alignnone\"><img decoding=\"async\" aria-describedby=\"caption-attachment-11620\" class=\"lazyload wp-image-11620 size-large\" src=\"https:\/\/www.abenteueralbanien.de\/wp-content\/uploads\/2024\/01\/ali-pascha-quellen_Plav-Gusinje-1024x683.webp\" data-orig-src=\"https:\/\/www.abenteueralbanien.de\/wp-content\/uploads\/2024\/01\/ali-pascha-quellen_Plav-Gusinje-1024x683.webp\" alt=\"Ali Pasha Quellen Plav Montenegro\" width=\"1024\" height=\"683\" srcset=\"data:image\/svg+xml,%3Csvg%20xmlns%3D%27http%3A%2F%2Fwww.w3.org%2F2000%2Fsvg%27%20width%3D%271024%27%20height%3D%27683%27%20viewBox%3D%270%200%201024%20683%27%3E%3Crect%20width%3D%271024%27%20height%3D%27683%27%20fill-opacity%3D%220%22%2F%3E%3C%2Fsvg%3E\" data-srcset=\"https:\/\/www.abenteueralbanien.de\/wp-content\/uploads\/2024\/01\/ali-pascha-quellen_Plav-Gusinje-200x133.webp 200w, https:\/\/www.abenteueralbanien.de\/wp-content\/uploads\/2024\/01\/ali-pascha-quellen_Plav-Gusinje-300x200.webp 300w, https:\/\/www.abenteueralbanien.de\/wp-content\/uploads\/2024\/01\/ali-pascha-quellen_Plav-Gusinje-400x267.webp 400w, https:\/\/www.abenteueralbanien.de\/wp-content\/uploads\/2024\/01\/ali-pascha-quellen_Plav-Gusinje-600x400.webp 600w, https:\/\/www.abenteueralbanien.de\/wp-content\/uploads\/2024\/01\/ali-pascha-quellen_Plav-Gusinje-768x512.webp 768w, https:\/\/www.abenteueralbanien.de\/wp-content\/uploads\/2024\/01\/ali-pascha-quellen_Plav-Gusinje-800x533.webp 800w, https:\/\/www.abenteueralbanien.de\/wp-content\/uploads\/2024\/01\/ali-pascha-quellen_Plav-Gusinje-jpg.webp 1024w\" data-sizes=\"auto\" data-orig-sizes=\"(max-width: 1024px) 100vw, 1024px\" \/><p id=\"caption-attachment-11620\" class=\"wp-caption-text\">Ali Pasha Quellen Plav Montenegro<\/p><\/div>\n<h3>Oko Skakavice<\/h3>\n<p>Diese Karstquelle <a href=\"https:\/\/maps.app.goo.gl\/Av4HTf3C2chX5xLg6\" target=\"_blank\" rel=\"noopener\">Oko Skakavice<\/a>, eine der sch\u00f6nsten in der Region Prokletije, wird oft als &#8222;Wunder von Prokletije&#8220; bezeichnet. Sie ist 30 m lang und 25 m breit. Ihr Wasser ist so klar, dass du den Grund der Quelle sogar dort sehen kannst, wo sie am tiefsten ist.<\/p>\n<div id=\"attachment_11545\" style=\"width: 1034px\" class=\"wp-caption alignnone\"><img decoding=\"async\" aria-describedby=\"caption-attachment-11545\" class=\"lazyload wp-image-11545 size-large\" src=\"https:\/\/www.abenteueralbanien.de\/wp-content\/uploads\/2024\/01\/Oko-Skakavice-Vusanje-Montenegro_iStock-1195108889-1024x683.webp\" data-orig-src=\"https:\/\/www.abenteueralbanien.de\/wp-content\/uploads\/2024\/01\/Oko-Skakavice-Vusanje-Montenegro_iStock-1195108889-1024x683.webp\" alt=\"Eye Of The Skakavica - National Park Prokletije, Montenegro\" width=\"1024\" height=\"683\" srcset=\"data:image\/svg+xml,%3Csvg%20xmlns%3D%27http%3A%2F%2Fwww.w3.org%2F2000%2Fsvg%27%20width%3D%271024%27%20height%3D%27683%27%20viewBox%3D%270%200%201024%20683%27%3E%3Crect%20width%3D%271024%27%20height%3D%27683%27%20fill-opacity%3D%220%22%2F%3E%3C%2Fsvg%3E\" data-srcset=\"https:\/\/www.abenteueralbanien.de\/wp-content\/uploads\/2024\/01\/Oko-Skakavice-Vusanje-Montenegro_iStock-1195108889-200x133.webp 200w, https:\/\/www.abenteueralbanien.de\/wp-content\/uploads\/2024\/01\/Oko-Skakavice-Vusanje-Montenegro_iStock-1195108889-300x200.webp 300w, https:\/\/www.abenteueralbanien.de\/wp-content\/uploads\/2024\/01\/Oko-Skakavice-Vusanje-Montenegro_iStock-1195108889-400x267.webp 400w, https:\/\/www.abenteueralbanien.de\/wp-content\/uploads\/2024\/01\/Oko-Skakavice-Vusanje-Montenegro_iStock-1195108889-600x400.webp 600w, https:\/\/www.abenteueralbanien.de\/wp-content\/uploads\/2024\/01\/Oko-Skakavice-Vusanje-Montenegro_iStock-1195108889-768x512.webp 768w, https:\/\/www.abenteueralbanien.de\/wp-content\/uploads\/2024\/01\/Oko-Skakavice-Vusanje-Montenegro_iStock-1195108889-800x533.webp 800w, https:\/\/www.abenteueralbanien.de\/wp-content\/uploads\/2024\/01\/Oko-Skakavice-Vusanje-Montenegro_iStock-1195108889-jpg.webp 1024w\" data-sizes=\"auto\" data-orig-sizes=\"(max-width: 1024px) 100vw, 1024px\" \/><p id=\"caption-attachment-11545\" class=\"wp-caption-text\">Oko Skakavica im National Park Prokletije<\/p><\/div>\n<h3 class=\"biGQs _P fiohW eIegw\" data-automation=\"mainH1\">Redzepagic Tower<\/h3>\n<p>Steinh\u00e4user und -t\u00fcrme sind einzigartig in dieser Gegend um Plav-Gusinje. Der \u00e4lteste und sch\u00f6nste Turm in der Gegend ist der <a href=\"https:\/\/maps.app.goo.gl\/t9CqN2UbhKhgyUu9A\" target=\"_blank\" rel=\"noopener\">Redzepagic-Turm<\/a>, der im 17. Jahrhundert von Hasan-Beg Redzepagic erbaut wurde.<\/p>\n<p><img decoding=\"async\" class=\"lazyload alignnone wp-image-18439 size-full\" src=\"https:\/\/www.abenteueralbanien.de\/wp-content\/uploads\/2024\/01\/Kulla-Redzepagica-Plav-1.png\" data-orig-src=\"https:\/\/www.abenteueralbanien.de\/wp-content\/uploads\/2024\/01\/Kulla-Redzepagica-Plav-1.png\" alt=\"Kulla Redzepagica Plav Montenegro from inside and outside\" width=\"1069\" height=\"370\" srcset=\"data:image\/svg+xml,%3Csvg%20xmlns%3D%27http%3A%2F%2Fwww.w3.org%2F2000%2Fsvg%27%20width%3D%271069%27%20height%3D%27370%27%20viewBox%3D%270%200%201069%20370%27%3E%3Crect%20width%3D%271069%27%20height%3D%27370%27%20fill-opacity%3D%220%22%2F%3E%3C%2Fsvg%3E\" data-srcset=\"https:\/\/www.abenteueralbanien.de\/wp-content\/uploads\/2024\/01\/Kulla-Redzepagica-Plav-1-200x69.png 200w, https:\/\/www.abenteueralbanien.de\/wp-content\/uploads\/2024\/01\/Kulla-Redzepagica-Plav-1-300x104.png 300w, https:\/\/www.abenteueralbanien.de\/wp-content\/uploads\/2024\/01\/Kulla-Redzepagica-Plav-1-400x138.png 400w, https:\/\/www.abenteueralbanien.de\/wp-content\/uploads\/2024\/01\/Kulla-Redzepagica-Plav-1-600x208.png 600w, https:\/\/www.abenteueralbanien.de\/wp-content\/uploads\/2024\/01\/Kulla-Redzepagica-Plav-1-768x266.png 768w, https:\/\/www.abenteueralbanien.de\/wp-content\/uploads\/2024\/01\/Kulla-Redzepagica-Plav-1-800x277.png 800w, https:\/\/www.abenteueralbanien.de\/wp-content\/uploads\/2024\/01\/Kulla-Redzepagica-Plav-1-1024x354.png 1024w, https:\/\/www.abenteueralbanien.de\/wp-content\/uploads\/2024\/01\/Kulla-Redzepagica-Plav-1.png 1069w\" data-sizes=\"auto\" data-orig-sizes=\"(max-width: 1069px) 100vw, 1069px\" \/><\/p>\n<p>Der Turm hat drei Stockwerke, die durch h\u00f6lzerne Innentreppen miteinander verbunden sind. Zwei Stockwerke sind aus Stein und das dritte aus Holz. Auf jeder Seite des Geb\u00e4udes befinden sich im zweiten Stock \u00fcberdachte Holzbalkone. Das Erdgeschoss wurde f\u00fcr Pferde und als Lager genutzt, und im ersten Stock befanden sich R\u00e4ume zum Sitzen, Schlafen und Essen. In den \u00fcber einen Meter dicken Mauern sind Schie\u00dfscharten eingelassen. Der Turm beherbergt heute die \u00f6rtliche ethnografische Sammlung.<\/p>\n<h3>Ethnografisches Museum in Plav<\/h3>\n<p>F\u00fcr Geschichts- und Kulturliebhaber ist das <a href=\"https:\/\/maps.app.goo.gl\/6n6HgUyCURLoPfT9A\" target=\"_blank\" rel=\"noopener\">Ethnografische Museum in Plav<\/a> ein Muss. Hier kannst du Exponate entdecken, die die traditionelle Lebensweise in Montenegro zeigen, wie z.B. traditionelle Kleidung, Handwerk und Werkzeuge. Das Museum ist jeden Tag au\u00dfer montags ge\u00f6ffnet und der Eintritt ist erschwinglich.<\/p>\n<h3>Ausfluh zum Botanischen Garten Velemun<\/h3>\n<p>Der <a href=\"https:\/\/maps.app.goo.gl\/CfN7Bmd7zJ2E3TNq9\" target=\"_blank\" rel=\"noopener\">Botanische Garten Velemun<\/a> befindet sich herrlich in der Natur eingebttet unweit von Plav, etwa 2 km mordwestlich im Dorf Brezojevice. Der Garten wurde nach einer endemischen Pflanzenart aus der Familie der Lincura benannt, die auf Visitor w\u00e4chst, an dessen Fu\u00df der Garten liegt.<\/p>\n<p>Die Anlage wurde 1991 angelegt und beherbergt heute etwa 250 Pflanzenarten, besondere Endemiten und Relikte aus Prokleti. Im Garten gibt es auch eine neu entdeckte Pflanzenart, die nach dem Forscherpaar Daniel und Vera Vincecki Alchemila Vincecki benannt wurde. Unter den zahlreichen Pflanzenarten sind besonders hervorzuheben: Ble\u010di\u0107s Wulfenia aus Visitor, die montenegrinische F\u00fcnf-Finger-Pflanze und Prokletij Odoljen aus Caranfil, der Bergstern aus Greben, \u0110ura\u0161s Kaninchen aus Volu\u0161nica, Velemun aus Visitor, die schneebedeckte Runolist aus Hajla und die alpine F\u00fcnf-Finger-Pflanze aus Maja Jezercet.<\/p>\n<h2>Unterk\u00fcnfte in Plav<\/h2>\n<p><a href=\"https:\/\/www.booking.com\/hotel\/me\/plav-murino-andrijevica.en-gb.html?aid=8057218&amp;sid=6bd19704962f505fd836533e30878e14&amp;age=0&amp;all_sr_blocks=428936001_179494043_3_42_0&amp;checkin=2024-11-14&amp;checkout=2024-11-15&amp;dest_id=-92068&amp;dest_type=city&amp;dist=0&amp;group_adults=2&amp;group_children=0&amp;hapos=1&amp;highlighted_blocks=428936001_179494043_3_42_0&amp;hpos=1&amp;matching_block_id=428936001_179494043_3_42_0&amp;no_rooms=1&amp;req_adults=2&amp;req_children=0&amp;room1=A%2CA&amp;sb_price_type=total&amp;sr_order=popularity&amp;sr_pri_blocks=428936001_179494043_3_42_0__7120&amp;srepoch=1731406934&amp;srpvid=30b148e842040695&amp;type=total&amp;ucfs=1&amp;activeTab=main\" target=\"_blank\" rel=\"noopener\"><img decoding=\"async\" class=\"lazyload alignnone wp-image-18441 size-full\" src=\"https:\/\/www.abenteueralbanien.de\/wp-content\/uploads\/2024\/01\/Holiday-cottage-food-Plav.png\" data-orig-src=\"https:\/\/www.abenteueralbanien.de\/wp-content\/uploads\/2024\/01\/Holiday-cottage-food-Plav.png\" alt=\"Holiday cottage &amp; food Plav\" width=\"1212\" height=\"212\" srcset=\"data:image\/svg+xml,%3Csvg%20xmlns%3D%27http%3A%2F%2Fwww.w3.org%2F2000%2Fsvg%27%20width%3D%271212%27%20height%3D%27212%27%20viewBox%3D%270%200%201212%20212%27%3E%3Crect%20width%3D%271212%27%20height%3D%27212%27%20fill-opacity%3D%220%22%2F%3E%3C%2Fsvg%3E\" data-srcset=\"https:\/\/www.abenteueralbanien.de\/wp-content\/uploads\/2024\/01\/Holiday-cottage-food-Plav-200x35.png 200w, https:\/\/www.abenteueralbanien.de\/wp-content\/uploads\/2024\/01\/Holiday-cottage-food-Plav-300x52.png 300w, https:\/\/www.abenteueralbanien.de\/wp-content\/uploads\/2024\/01\/Holiday-cottage-food-Plav-400x70.png 400w, https:\/\/www.abenteueralbanien.de\/wp-content\/uploads\/2024\/01\/Holiday-cottage-food-Plav-600x105.png 600w, https:\/\/www.abenteueralbanien.de\/wp-content\/uploads\/2024\/01\/Holiday-cottage-food-Plav-768x134.png 768w, https:\/\/www.abenteueralbanien.de\/wp-content\/uploads\/2024\/01\/Holiday-cottage-food-Plav-800x140.png 800w, https:\/\/www.abenteueralbanien.de\/wp-content\/uploads\/2024\/01\/Holiday-cottage-food-Plav-1024x179.png 1024w, https:\/\/www.abenteueralbanien.de\/wp-content\/uploads\/2024\/01\/Holiday-cottage-food-Plav-1200x210.png 1200w, https:\/\/www.abenteueralbanien.de\/wp-content\/uploads\/2024\/01\/Holiday-cottage-food-Plav.png 1212w\" data-sizes=\"auto\" data-orig-sizes=\"(max-width: 1212px) 100vw, 1212px\" \/><\/a><\/p>\n<p><strong>Abseits aber sch\u00f6n gelegen:<\/strong> <a href=\"https:\/\/www.booking.com\/hotel\/me\/plav-murino-andrijevica.en-gb.html?aid=8057218&amp;sid=6bd19704962f505fd836533e30878e14&amp;age=0&amp;all_sr_blocks=428936001_179494043_3_42_0&amp;checkin=2024-11-14&amp;checkout=2024-11-15&amp;dest_id=-92068&amp;dest_type=city&amp;dist=0&amp;group_adults=2&amp;group_children=0&amp;hapos=1&amp;highlighted_blocks=428936001_179494043_3_42_0&amp;hpos=1&amp;matching_block_id=428936001_179494043_3_42_0&amp;no_rooms=1&amp;req_adults=2&amp;req_children=0&amp;room1=A%2CA&amp;sb_price_type=total&amp;sr_order=popularity&amp;sr_pri_blocks=428936001_179494043_3_42_0__7120&amp;srepoch=1731406934&amp;srpvid=30b148e842040695&amp;type=total&amp;ucfs=1&amp;activeTab=main\" target=\"_blank\" rel=\"noopener\">Ferienhaus Holiday Cottage &amp; Food Plav<\/a><\/p>\n<p>Wenn du auf der Suche nach etwas bist, in dem du dich wirklich vom Alltag erholen kannst, warum dann nicht ein ganzes Haus mieten? Mit 6 Betten bietet das Holiday Cottage genug Platz, um deine ganze Familie mitzubringen.<\/p>\n<p>Wer hier wohnt, kann die Ruhe im Herzen der Natur genie\u00dfen und kurze Wege zu Kanu-, Wander- und Angelabenteuern haben. Auch wenn du nur auf dem Grundst\u00fcck bleibst, gibt es viel zu erleben. Dazu geh\u00f6ren ein Whirlpool, ein Spielbereich f\u00fcr Kinder, ein Balkon und eine voll ausgestattete K\u00fcche.<\/p>\n<p><script src=\"https:\/\/www.booking.com\/affiliate\/prelanding_sdk\"><\/script><\/p>\n<div id=\"bookingAffiliateWidget_87bff616-5558-4a57-b958-94c3742c5420\"><\/div>\n<p><script>\n      (function () {\n          var BookingAffiliateWidget = new Booking.AffiliateWidget({\n  \"iframeSettings\": {\n    \"selector\": \"bookingAffiliateWidget_87bff616-5558-4a57-b958-94c3742c5420\",\n    \"responsive\": true\n  },\n  \"widgetSettings\": {\n    \"ss\": \"Salerno camp, Plav, Plav County, Montenegro\",\n    \"latitude\": 42.59142,\n    \"longitude\": 19.94595,\n    \"zoom\": 14\n  }\n});\n      })();\n  <\/script><\/p>\n<h2>Anreise<\/h2>\n<p>Die Anreise nach Plav ist nicht ganz einfach, schon allein deshalb, weil der n\u00e4chstgelegene Flughafen der <strong>Flughafen Podgorica<\/strong> ist, der etwa <strong>140 Kilometer (oder fast zweieinhalb Autostunden)<\/strong> entfernt ist. Es ist jedoch einfach, ein <a href=\"https:\/\/www.discovercars.com\/?a_aid=kornfreak910\" target=\"_blank\" rel=\"noopener\">Auto zu mieten<\/a> oder ein Taxi von diesem Flughafen nach Plav zu nehmen.<\/p>\n<p>Es gibt auch eine Reihe von Bussen, die zwischen diesen beiden Orten verkehren, sodass es relativ einfach ist, mit den \u00f6ffentlichen Verkehrsmitteln nach Plav zu kommen (wenn auch etwas langsamer).<\/p>\n<h3>Der Bus von Podgorica nach Plav<\/h3>\n<p>Der Bus von Podgorica nach Plav f\u00e4hrt t\u00e4glich. Der erste Bus f\u00e4hrt um 08:25 Uhr, der letzte um 17:14 Uhr. Die Strecke ist etwa 184 km lang. Die Fahrzeit betr\u00e4gt 4 Stunden. Bei allen Abfahrten wird in der Regel pro Person und Gep\u00e4ckst\u00fcck gezahlt.<\/p>\n<p>Abfahrszeiten in Podgorica:<\/p>\n<ul>\n<li>08:25 Uhr; 10:25 Uhr; 13:27 Uhr; 15:30 Uhr; 17:14 Uhr<\/li>\n<\/ul>\n<p>Busse von Podgorica nach Tirana fahren t\u00e4glich um 10:00 Uhr und 16:00 Uhr ab.<\/p>\n<h2>Plav kulinarisch &#8211; Typische Speisen<\/h2>\n<p>Die typische K\u00fcche in dieser Region ist stark von den Nachbarl\u00e4ndern Albanien und Serbien beeinflusst. Hier sind einige der typischen Gerichte von Plav:<\/p>\n<ul>\n<li>Kacamak &#8211; ein traditionelles montenegrinisches Gericht aus Kartoffelp\u00fcree, das mit Maismehl vermischt und mit K\u00e4se serviert wird. Es wird normalerweise zum Fr\u00fchst\u00fcck gegessen.<\/li>\n<li>Mantija &#8211; ein gef\u00fclltes Geb\u00e4ck, das mit Fleisch oder Gem\u00fcse gef\u00fcllt werden kann und einem t\u00fcrkischen Borek \u00e4hnelt. Sie wird oft als Vorspeise oder Snack serviert.<\/li>\n<li>Cevapi &#8211; gegrillte Fleischwurst aus Rind- oder Lammfleisch, die in einem Fladenbrot mit Zwiebeln, saurer Sahne und Ajvar (einer Art rotem Paprikagew\u00fcrz) serviert wird.<\/li>\n<li>Cicvara &#8211; ein Gericht aus einer Mischung aus Maismehl und H\u00fcttenk\u00e4se, das hei\u00df mit saurer Sahne serviert wird. Es wird oft als Beilage zum Fr\u00fchst\u00fcck gegessen.<\/li>\n<li>Komplet lepinja &#8211; ein typisches Fr\u00fchst\u00fccksgericht, das aus einem runden Br\u00f6tchen besteht, das mit Spiegeleiern, K\u00e4se und Wurst gef\u00fcllt ist.<\/li>\n<li>Plavski sir &#8211; eine K\u00e4sesorte, die aus Schafsmilch hergestellt und mindestens sechs Monate lang gereift wird. Er hat einen starken Geschmack und wird oft als Snack mit Brot und Oliven serviert.<\/li>\n<li>\u00a0Janjetina ispod saca &#8211; ein traditionelles Lammgericht, das unter einem Metalldeckel langsam \u00fcber hei\u00dfen Kohlen gegart wird. Das Fleisch ist meist zart und saftig und wird mit Kartoffeln und Gem\u00fcse serviert.<\/li>\n<li>Tufahije &#8211; eine Nachspeise aus \u00c4pfeln, die mit N\u00fcssen, Zucker und Zimt gef\u00fcllt und dann in einem Sirup aus Wasser und Zucker gekocht werden. Diese k\u00f6stliche Nachspeise wird oft mit Schlagsahne serviert.<\/li>\n<\/ul>\n    <section class=\"sc_fs_faq sc_card \">\n        <div>\n\t\t\t<h3>Wo liegt Plav?<\/h3>            <div>\n\t\t\t\t                <p>\n\t\t\t\t\t Plav (kyrillisch: \u041f\u043b\u0430\u0432; albanisch: Plav\u00eb) ist eine Stadt in der Region Polimlje im Nordosten von Montenegro. Sie hat 3.717 Einwohner (Volksz\u00e4hlung 2011).                 <\/p>\n            <\/div>\n        <\/div>\n    <\/section>\n\n<script type=\"application\/ld+json\">\n    {\n\t\t\"@context\": \"https:\/\/schema.org\",\n\t\t\"@type\": \"FAQPage\",\n\t\t\"mainEntity\": [\n\t\t\t{\n\t\t\t\t\"@type\": \"Question\",\n\t\t\t\t\"name\": \"Wo liegt Plav?\",\n\t\t\t\t\"acceptedAnswer\": {\n\t\t\t\t\t\"@type\": \"Answer\",\n\t\t\t\t\t\"text\": \"Plav (kyrillisch: \u041f\u043b\u0430\u0432; albanisch: Plav\u00eb) ist eine Stadt in der Region Polimlje im Nordosten von Montenegro. Sie hat 3.717 Einwohner (Volksz\u00e4hlung 2011).\"\n\t                                }\n          }\n        ]\n    }\n<\/script>\n\n<\/div><\/div><\/div><\/div><\/div>\n","protected":false},"excerpt":{"rendered":"","protected":false},"author":1,"featured_media":11614,"comment_status":"open","ping_status":"closed","sticky":false,"template":"","format":"standard","meta":{"footnotes":""},"categories":[380],"tags":[],"class_list":["post-11610","post","type-post","status-publish","format-standard","has-post-thumbnail","hentry","category-montenegro"],"_links":{"self":[{"href":"https:\/\/www.abenteueralbanien.de\/nl\/wp-json\/wp\/v2\/posts\/11610","targetHints":{"allow":["GET"]}}],"collection":[{"href":"https:\/\/www.abenteueralbanien.de\/nl\/wp-json\/wp\/v2\/posts"}],"about":[{"href":"https:\/\/www.abenteueralbanien.de\/nl\/wp-json\/wp\/v2\/types\/post"}],"author":[{"embeddable":true,"href":"https:\/\/www.abenteueralbanien.de\/nl\/wp-json\/wp\/v2\/users\/1"}],"replies":[{"embeddable":true,"href":"https:\/\/www.abenteueralbanien.de\/nl\/wp-json\/wp\/v2\/comments?post=11610"}],"version-history":[{"count":1,"href":"https:\/\/www.abenteueralbanien.de\/nl\/wp-json\/wp\/v2\/posts\/11610\/revisions"}],"predecessor-version":[{"id":23434,"href":"https:\/\/www.abenteueralbanien.de\/nl\/wp-json\/wp\/v2\/posts\/11610\/revisions\/23434"}],"wp:featuredmedia":[{"embeddable":true,"href":"https:\/\/www.abenteueralbanien.de\/nl\/wp-json\/wp\/v2\/media\/11614"}],"wp:attachment":[{"href":"https:\/\/www.abenteueralbanien.de\/nl\/wp-json\/wp\/v2\/media?parent=11610"}],"wp:term":[{"taxonomy":"category","embeddable":true,"href":"https:\/\/www.abenteueralbanien.de\/nl\/wp-json\/wp\/v2\/categories?post=11610"},{"taxonomy":"post_tag","embeddable":true,"href":"https:\/\/www.abenteueralbanien.de\/nl\/wp-json\/wp\/v2\/tags?post=11610"}],"curies":[{"name":"wp","href":"https:\/\/api.w.org\/{rel}","templated":true}]}}